{"id":3550,"date":"2025-01-02T16:37:00","date_gmt":"2025-01-02T15:37:00","guid":{"rendered":"https:\/\/haircutday.com\/b\/?p=3550"},"modified":"2025-01-07T13:26:54","modified_gmt":"2025-01-07T12:26:54","slug":"peluqueria-con-espacio-privado-barcelona","status":"publish","type":"post","link":"https:\/\/haircutday.com\/b\/peluqueria-con-espacio-privado-barcelona","title":{"rendered":"Peluquer\u00eda con espacio privado Barcelona"},"content":{"rendered":"\t\t<div data-elementor-type=\"wp-post\" data-elementor-id=\"3550\" class=\"elementor elementor-3550\" data-elementor-settings=\"[]\">\n\t\t\t\t\t\t<div class=\"elementor-inner\">\n\t\t\t\t\t\t\t<div class=\"elementor-section-wrap\">\n\t\t\t\t\t\t\t<section class=\"elementor-section elementor-top-section elementor-element elementor-element-16145cf elementor-section-boxed elementor-section-height-default elementor-section-height-default\" data-id=\"16145cf\" data-element_type=\"section\">\n\t\t\t\t\t\t<div class=\"elementor-container elementor-column-gap-default\">\n\t\t\t\t\t\t\t<div class=\"elementor-row\">\n\t\t\t\t\t<div class=\"elementor-column elementor-col-100 elementor-top-column elementor-element elementor-element-425f288\" data-id=\"425f288\" data-element_type=\"column\">\n\t\t\t<div class=\"elementor-column-wrap elementor-element-populated\">\n\t\t\t\t\t\t\t<div class=\"elementor-widget-wrap\">\n\t\t\t\t\t\t<div class=\"elementor-element elementor-element-e054b16 elementor-widget elementor-widget-text-editor\" data-id=\"e054b16\" data-element_type=\"widget\" data-widget_type=\"text-editor.default\">\n\t\t\t\t<div class=\"elementor-widget-container\">\n\t\t\t\t\t<div class=\"elementor-text-editor elementor-clearfix\"><p>Bienvenidos a nuestro blog dedicado para encontrar tu peluquer\u00eda con espacio privado en Barcelona.\u00a0<span style=\"font-size: 1.125rem; color: var( --e-global-color-text );\">Hair Cut Day es un sal\u00f3n de belleza situado en el centro de Barcelona, se caracteriza por ofrecer una gran experiencia y trato al cliente.<\/span><\/p><\/div>\n\t\t\t\t<\/div>\n\t\t\t\t<\/div>\n\t\t\t\t\t\t<\/div>\n\t\t\t\t\t<\/div>\n\t\t<\/div>\n\t\t\t\t\t\t\t\t<\/div>\n\t\t\t\t\t<\/div>\n\t\t<\/section>\n\t\t\t\t<section class=\"elementor-section elementor-top-section elementor-element elementor-element-c1cda8a elementor-section-boxed elementor-section-height-default elementor-section-height-default\" data-id=\"c1cda8a\" data-element_type=\"section\">\n\t\t\t\t\t\t<div class=\"elementor-container elementor-column-gap-default\">\n\t\t\t\t\t\t\t<div class=\"elementor-row\">\n\t\t\t\t\t<div class=\"elementor-column elementor-col-100 elementor-top-column elementor-element elementor-element-967f739\" data-id=\"967f739\" data-element_type=\"column\">\n\t\t\t<div class=\"elementor-column-wrap elementor-element-populated\">\n\t\t\t\t\t\t\t<div class=\"elementor-widget-wrap\">\n\t\t\t\t\t\t<div class=\"elementor-element elementor-element-7e2d525 elementor-widget elementor-widget-image\" data-id=\"7e2d525\" data-element_type=\"widget\" data-widget_type=\"image.default\">\n\t\t\t\t<div class=\"elementor-widget-container\">\n\t\t\t\t\t<div class=\"elementor-image\">\n\t\t\t\t\t\t\t<figure class=\"wp-caption\">\n\t\t\t\t\t\t\t\t\t\t<img width=\"770\" height=\"513\" src=\"https:\/\/haircutday.com\/b\/wp-content\/uploads\/2023\/09\/WhatsApp-Image-2023-09-29-at-13.34.18-1024x682.jpeg\" class=\"attachment-large size-large\" alt=\"\" loading=\"lazy\" srcset=\"https:\/\/haircutday.com\/b\/wp-content\/uploads\/2023\/09\/WhatsApp-Image-2023-09-29-at-13.34.18-1024x682.jpeg 1024w, https:\/\/haircutday.com\/b\/wp-content\/uploads\/2023\/09\/WhatsApp-Image-2023-09-29-at-13.34.18-300x200.jpeg 300w, https:\/\/haircutday.com\/b\/wp-content\/uploads\/2023\/09\/WhatsApp-Image-2023-09-29-at-13.34.18-768x512.jpeg 768w, https:\/\/haircutday.com\/b\/wp-content\/uploads\/2023\/09\/WhatsApp-Image-2023-09-29-at-13.34.18-1536x1023.jpeg 1536w, https:\/\/haircutday.com\/b\/wp-content\/uploads\/2023\/09\/WhatsApp-Image-2023-09-29-at-13.34.18.jpeg 1600w\" sizes=\"(max-width: 770px) 100vw, 770px\" \/>\t\t\t\t\t\t\t\t\t\t\t<figcaption class=\"widget-image-caption wp-caption-text\"><\/figcaption>\n\t\t\t\t\t\t\t\t\t\t<\/figure>\n\t\t\t\t\t<\/div>\n\t\t\t\t<\/div>\n\t\t\t\t<\/div>\n\t\t\t\t\t\t<\/div>\n\t\t\t\t\t<\/div>\n\t\t<\/div>\n\t\t\t\t\t\t\t\t<\/div>\n\t\t\t\t\t<\/div>\n\t\t<\/section>\n\t\t\t\t<section class=\"elementor-section elementor-top-section elementor-element elementor-element-02fd218 elementor-section-boxed elementor-section-height-default elementor-section-height-default\" data-id=\"02fd218\" data-element_type=\"section\">\n\t\t\t\t\t\t<div class=\"elementor-container elementor-column-gap-default\">\n\t\t\t\t\t\t\t<div class=\"elementor-row\">\n\t\t\t\t\t<div class=\"elementor-column elementor-col-100 elementor-top-column elementor-element elementor-element-d3318ab\" data-id=\"d3318ab\" data-element_type=\"column\">\n\t\t\t<div class=\"elementor-column-wrap elementor-element-populated\">\n\t\t\t\t\t\t\t<div class=\"elementor-widget-wrap\">\n\t\t\t\t\t\t<div class=\"elementor-element elementor-element-34a02fc elementor-widget elementor-widget-text-editor\" data-id=\"34a02fc\" data-element_type=\"widget\" data-widget_type=\"text-editor.default\">\n\t\t\t\t<div class=\"elementor-widget-container\">\n\t\t\t\t\t<div class=\"elementor-text-editor elementor-clearfix\"><p><span style=\"font-size: 1.125rem; color: var( --e-global-color-text );\">Una peluquer\u00eda puntera con espacios vanguardistas e innovadores dedicados a la belleza y el cuidado del cabello.\u00a0<\/span><\/p><\/div>\n\t\t\t\t<\/div>\n\t\t\t\t<\/div>\n\t\t\t\t\t\t<\/div>\n\t\t\t\t\t<\/div>\n\t\t<\/div>\n\t\t\t\t\t\t\t\t<\/div>\n\t\t\t\t\t<\/div>\n\t\t<\/section>\n\t\t\t\t<section class=\"elementor-section elementor-top-section elementor-element elementor-element-607411c elementor-section-boxed elementor-section-height-default elementor-section-height-default\" data-id=\"607411c\" data-element_type=\"section\">\n\t\t\t\t\t\t<div class=\"elementor-container elementor-column-gap-default\">\n\t\t\t\t\t\t\t<div class=\"elementor-row\">\n\t\t\t\t\t<div class=\"elementor-column elementor-col-100 elementor-top-column elementor-element elementor-element-76560bc\" data-id=\"76560bc\" data-element_type=\"column\">\n\t\t\t<div class=\"elementor-column-wrap elementor-element-populated\">\n\t\t\t\t\t\t\t<div class=\"elementor-widget-wrap\">\n\t\t\t\t\t\t<div class=\"elementor-element elementor-element-13a85a0 elementor-widget elementor-widget-image\" data-id=\"13a85a0\" data-element_type=\"widget\" data-widget_type=\"image.default\">\n\t\t\t\t<div class=\"elementor-widget-container\">\n\t\t\t\t\t<div class=\"elementor-image\">\n\t\t\t\t\t\t\t\t\t\t<img width=\"682\" height=\"1024\" src=\"https:\/\/haircutday.com\/b\/wp-content\/uploads\/2023\/09\/WhatsApp-Image-2023-09-29-at-13.53.07-2-682x1024.jpeg\" class=\"attachment-large size-large\" alt=\"\" loading=\"lazy\" srcset=\"https:\/\/haircutday.com\/b\/wp-content\/uploads\/2023\/09\/WhatsApp-Image-2023-09-29-at-13.53.07-2-682x1024.jpeg 682w, https:\/\/haircutday.com\/b\/wp-content\/uploads\/2023\/09\/WhatsApp-Image-2023-09-29-at-13.53.07-2-200x300.jpeg 200w, https:\/\/haircutday.com\/b\/wp-content\/uploads\/2023\/09\/WhatsApp-Image-2023-09-29-at-13.53.07-2-768x1153.jpeg 768w, https:\/\/haircutday.com\/b\/wp-content\/uploads\/2023\/09\/WhatsApp-Image-2023-09-29-at-13.53.07-2-1023x1536.jpeg 1023w, https:\/\/haircutday.com\/b\/wp-content\/uploads\/2023\/09\/WhatsApp-Image-2023-09-29-at-13.53.07-2.jpeg 1066w\" sizes=\"(max-width: 682px) 100vw, 682px\" \/>\t\t\t\t\t\t\t\t\t\t\t<\/div>\n\t\t\t\t<\/div>\n\t\t\t\t<\/div>\n\t\t\t\t\t\t<\/div>\n\t\t\t\t\t<\/div>\n\t\t<\/div>\n\t\t\t\t\t\t\t\t<\/div>\n\t\t\t\t\t<\/div>\n\t\t<\/section>\n\t\t\t\t<section class=\"elementor-section elementor-top-section elementor-element elementor-element-068470c elementor-section-boxed elementor-section-height-default elementor-section-height-default\" data-id=\"068470c\" data-element_type=\"section\">\n\t\t\t\t\t\t<div class=\"elementor-container elementor-column-gap-default\">\n\t\t\t\t\t\t\t<div class=\"elementor-row\">\n\t\t\t\t\t<div class=\"elementor-column elementor-col-100 elementor-top-column elementor-element elementor-element-e76b2b5\" data-id=\"e76b2b5\" data-element_type=\"column\">\n\t\t\t<div class=\"elementor-column-wrap elementor-element-populated\">\n\t\t\t\t\t\t\t<div class=\"elementor-widget-wrap\">\n\t\t\t\t\t\t<div class=\"elementor-element elementor-element-66c58b0 elementor-widget elementor-widget-text-editor\" data-id=\"66c58b0\" data-element_type=\"widget\" data-widget_type=\"text-editor.default\">\n\t\t\t\t<div class=\"elementor-widget-container\">\n\t\t\t\t\t<div class=\"elementor-text-editor elementor-clearfix\"><p>Cuenta con profesionales cualificados, para cualquier tipo de servicio capilar, expertos en coloraciones, extensiones, cortes, adem\u00e1s de trabajar con las marcas m\u00e1s prestigiosas del mercado.<\/p><\/div>\n\t\t\t\t<\/div>\n\t\t\t\t<\/div>\n\t\t\t\t\t\t<\/div>\n\t\t\t\t\t<\/div>\n\t\t<\/div>\n\t\t\t\t\t\t\t\t<\/div>\n\t\t\t\t\t<\/div>\n\t\t<\/section>\n\t\t\t\t<section class=\"elementor-section elementor-top-section elementor-element elementor-element-b071883 elementor-section-boxed elementor-section-height-default elementor-section-height-default\" data-id=\"b071883\" data-element_type=\"section\">\n\t\t\t\t\t\t<div class=\"elementor-container elementor-column-gap-default\">\n\t\t\t\t\t\t\t<div class=\"elementor-row\">\n\t\t\t\t\t<div class=\"elementor-column elementor-col-100 elementor-top-column elementor-element elementor-element-95a5f02\" data-id=\"95a5f02\" data-element_type=\"column\">\n\t\t\t<div class=\"elementor-column-wrap elementor-element-populated\">\n\t\t\t\t\t\t\t<div class=\"elementor-widget-wrap\">\n\t\t\t\t\t\t<div class=\"elementor-element elementor-element-3b9f023 elementor-widget elementor-widget-image\" data-id=\"3b9f023\" data-element_type=\"widget\" data-widget_type=\"image.default\">\n\t\t\t\t<div class=\"elementor-widget-container\">\n\t\t\t\t\t<div class=\"elementor-image\">\n\t\t\t\t\t\t\t<figure class=\"wp-caption\">\n\t\t\t\t\t\t\t\t\t\t<img width=\"576\" height=\"1024\" src=\"https:\/\/haircutday.com\/b\/wp-content\/uploads\/2023\/01\/WhatsApp-Image-2023-02-20-at-12.08.09-576x1024.jpeg\" class=\"attachment-large size-large\" alt=\"\" loading=\"lazy\" srcset=\"https:\/\/haircutday.com\/b\/wp-content\/uploads\/2023\/01\/WhatsApp-Image-2023-02-20-at-12.08.09-576x1024.jpeg 576w, https:\/\/haircutday.com\/b\/wp-content\/uploads\/2023\/01\/WhatsApp-Image-2023-02-20-at-12.08.09-169x300.jpeg 169w, https:\/\/haircutday.com\/b\/wp-content\/uploads\/2023\/01\/WhatsApp-Image-2023-02-20-at-12.08.09-768x1365.jpeg 768w, https:\/\/haircutday.com\/b\/wp-content\/uploads\/2023\/01\/WhatsApp-Image-2023-02-20-at-12.08.09-864x1536.jpeg 864w, https:\/\/haircutday.com\/b\/wp-content\/uploads\/2023\/01\/WhatsApp-Image-2023-02-20-at-12.08.09.jpeg 1152w\" sizes=\"(max-width: 576px) 100vw, 576px\" \/>\t\t\t\t\t\t\t\t\t\t\t<figcaption class=\"widget-image-caption wp-caption-text\">En Hair Cut Day trabajamos con las marcas m\u00e1s prestigiosas del mercado para el cuidado capilar.<\/figcaption>\n\t\t\t\t\t\t\t\t\t\t<\/figure>\n\t\t\t\t\t<\/div>\n\t\t\t\t<\/div>\n\t\t\t\t<\/div>\n\t\t\t\t\t\t<\/div>\n\t\t\t\t\t<\/div>\n\t\t<\/div>\n\t\t\t\t\t\t\t\t<\/div>\n\t\t\t\t\t<\/div>\n\t\t<\/section>\n\t\t\t\t<section class=\"elementor-section elementor-top-section elementor-element elementor-element-d47c2ee elementor-section-boxed elementor-section-height-default elementor-section-height-default\" data-id=\"d47c2ee\" data-element_type=\"section\">\n\t\t\t\t\t\t<div class=\"elementor-container elementor-column-gap-default\">\n\t\t\t\t\t\t\t<div class=\"elementor-row\">\n\t\t\t\t\t<div class=\"elementor-column elementor-col-100 elementor-top-column elementor-element elementor-element-ac74e31\" data-id=\"ac74e31\" data-element_type=\"column\">\n\t\t\t<div class=\"elementor-column-wrap elementor-element-populated\">\n\t\t\t\t\t\t\t<div class=\"elementor-widget-wrap\">\n\t\t\t\t\t\t<div class=\"elementor-element elementor-element-eddc6d2 elementor-widget elementor-widget-text-editor\" data-id=\"eddc6d2\" data-element_type=\"widget\" data-widget_type=\"text-editor.default\">\n\t\t\t\t<div class=\"elementor-widget-container\">\n\t\t\t\t\t<div class=\"elementor-text-editor elementor-clearfix\"><p><span data-offset-key=\"43ulq-69-0\">\u00bf<\/span><span data-offset-key=\"43ulq-70-0\">Est<\/span><span data-offset-key=\"43ulq-71-0\">\u00e1s<\/span><span data-offset-key=\"43ulq-72-0\">\u00a0bus<\/span><span data-offset-key=\"43ulq-73-0\">c<\/span><span data-offset-key=\"43ulq-74-0\">ando<\/span><span data-offset-key=\"43ulq-75-0\">\u00a0un<\/span><span data-offset-key=\"43ulq-76-0\">a<\/span><span data-offset-key=\"43ulq-77-0\">\u00a0pel<\/span><span data-offset-key=\"43ulq-78-0\">u<\/span><span data-offset-key=\"43ulq-79-0\">quer<\/span><span data-offset-key=\"43ulq-80-0\">\u00eda<\/span><span data-offset-key=\"43ulq-81-0\">\u00a0que<\/span><span data-offset-key=\"43ulq-82-0\">\u00a0of<\/span><span data-offset-key=\"43ulq-83-0\">rez<\/span><span data-offset-key=\"43ulq-84-0\">ca<\/span><span data-offset-key=\"43ulq-85-0\">\u00a0un<\/span><span data-offset-key=\"43ulq-86-0\">\u00a0esp<\/span><span data-offset-key=\"43ulq-87-0\">acio<\/span><span data-offset-key=\"43ulq-88-0\">\u00a0priv<\/span><span data-offset-key=\"43ulq-89-0\">ado? Hair Cut Day es el lugar indicado, para clientes que busquen un servicio m\u00e1s exclusivo y discreto (ser atendidas \u00fanicamente por mujeres).<\/span><\/p><p><span data-offset-key=\"43ulq-144-0\">Nu<\/span><span data-offset-key=\"43ulq-145-0\">estro<\/span><span data-offset-key=\"43ulq-146-0\">\u00a0equip<\/span><span data-offset-key=\"43ulq-147-0\">o<\/span><span data-offset-key=\"43ulq-148-0\">\u00a0de<\/span><span data-offset-key=\"43ulq-149-0\">\u00a0experta<\/span><span data-offset-key=\"43ulq-150-0\">s<\/span><span data-offset-key=\"43ulq-151-0\">\u00a0prof<\/span><span data-offset-key=\"43ulq-152-0\">es<\/span><span data-offset-key=\"43ulq-153-0\">ional<\/span><span data-offset-key=\"43ulq-154-0\">es<\/span><span data-offset-key=\"43ulq-155-0\">\u00a0han<\/span><span data-offset-key=\"43ulq-156-0\">\u00a0sid<\/span><span data-offset-key=\"43ulq-157-0\">o<\/span><span data-offset-key=\"43ulq-158-0\">\u00a0es<\/span><span data-offset-key=\"43ulq-159-0\">pe<\/span><span data-offset-key=\"43ulq-160-0\">cial<\/span><span data-offset-key=\"43ulq-161-0\">ment<\/span><span data-offset-key=\"43ulq-162-0\">e<\/span><span data-offset-key=\"43ulq-163-0\">\u00a0ent<\/span><span data-offset-key=\"43ulq-164-0\">ren<\/span><span data-offset-key=\"43ulq-165-0\">adas<\/span><span data-offset-key=\"43ulq-166-0\">\u00a0para<\/span><span data-offset-key=\"43ulq-167-0\">\u00a0pro<\/span><span data-offset-key=\"43ulq-168-0\">por<\/span><span data-offset-key=\"43ulq-169-0\">c<\/span><span data-offset-key=\"43ulq-170-0\">ion<\/span><span data-offset-key=\"43ulq-171-0\">ar<\/span><span data-offset-key=\"43ulq-172-0\">\u00a0servic<\/span><span data-offset-key=\"43ulq-173-0\">ios<\/span><span data-offset-key=\"43ulq-174-0\">\u00a0de<\/span><span data-offset-key=\"43ulq-175-0\">\u00a0pe<\/span><span data-offset-key=\"43ulq-176-0\">in<\/span><span data-offset-key=\"43ulq-177-0\">ados<\/span><span data-offset-key=\"43ulq-178-0\">\u00a0y<\/span><span data-offset-key=\"43ulq-179-0\">\u00a0est<\/span><span data-offset-key=\"43ulq-180-0\">ilo<\/span><span data-offset-key=\"43ulq-181-0\">\u00a0para<\/span><span data-offset-key=\"43ulq-182-0\">\u00a0mu<\/span><span data-offset-key=\"43ulq-183-0\">je<\/span><span data-offset-key=\"43ulq-184-0\">res<\/span><span data-offset-key=\"43ulq-185-0\">\u00a0con<\/span><span data-offset-key=\"43ulq-186-0\">\u00a0vel<\/span><span data-offset-key=\"43ulq-187-0\">o<\/span><span data-offset-key=\"43ulq-188-0\">.<\/span><\/p><\/div>\n\t\t\t\t<\/div>\n\t\t\t\t<\/div>\n\t\t\t\t\t\t<\/div>\n\t\t\t\t\t<\/div>\n\t\t<\/div>\n\t\t\t\t\t\t\t\t<\/div>\n\t\t\t\t\t<\/div>\n\t\t<\/section>\n\t\t\t\t<section class=\"elementor-section elementor-top-section elementor-element elementor-element-889d6ee elementor-section-boxed elementor-section-height-default elementor-section-height-default\" data-id=\"889d6ee\" data-element_type=\"section\">\n\t\t\t\t\t\t<div class=\"elementor-container elementor-column-gap-default\">\n\t\t\t\t\t\t\t<div class=\"elementor-row\">\n\t\t\t\t\t<div class=\"elementor-column elementor-col-100 elementor-top-column elementor-element elementor-element-58418af\" data-id=\"58418af\" data-element_type=\"column\">\n\t\t\t<div class=\"elementor-column-wrap elementor-element-populated\">\n\t\t\t\t\t\t\t<div class=\"elementor-widget-wrap\">\n\t\t\t\t\t\t<div class=\"elementor-element elementor-element-46d3ff2 elementor-widget elementor-widget-heading\" data-id=\"46d3ff2\" data-element_type=\"widget\" data-widget_type=\"heading.default\">\n\t\t\t\t<div class=\"elementor-widget-container\">\n\t\t\t<h3 class=\"elementor-heading-title elementor-size-default\">\u00bfD\u00f3nde encontrar una peluquer\u00eda con espacio privado en Barcelona?<\/h3>\t\t<\/div>\n\t\t\t\t<\/div>\n\t\t\t\t\t\t<\/div>\n\t\t\t\t\t<\/div>\n\t\t<\/div>\n\t\t\t\t\t\t\t\t<\/div>\n\t\t\t\t\t<\/div>\n\t\t<\/section>\n\t\t\t\t<section class=\"elementor-section elementor-top-section elementor-element elementor-element-9a3e608 elementor-section-boxed elementor-section-height-default elementor-section-height-default\" data-id=\"9a3e608\" data-element_type=\"section\">\n\t\t\t\t\t\t<div class=\"elementor-container elementor-column-gap-default\">\n\t\t\t\t\t\t\t<div class=\"elementor-row\">\n\t\t\t\t\t<div class=\"elementor-column elementor-col-100 elementor-top-column elementor-element elementor-element-3f4704b\" data-id=\"3f4704b\" data-element_type=\"column\">\n\t\t\t<div class=\"elementor-column-wrap elementor-element-populated\">\n\t\t\t\t\t\t\t<div class=\"elementor-widget-wrap\">\n\t\t\t\t\t\t<div class=\"elementor-element elementor-element-36caad2 elementor-widget elementor-widget-image\" data-id=\"36caad2\" data-element_type=\"widget\" data-widget_type=\"image.default\">\n\t\t\t\t<div class=\"elementor-widget-container\">\n\t\t\t\t\t<div class=\"elementor-image\">\n\t\t\t\t\t\t\t\t\t\t<img width=\"682\" height=\"1024\" src=\"https:\/\/haircutday.com\/b\/wp-content\/uploads\/2023\/09\/WhatsApp-Image-2023-09-29-at-13.34.21-682x1024.jpeg\" class=\"attachment-large size-large\" alt=\"\" loading=\"lazy\" srcset=\"https:\/\/haircutday.com\/b\/wp-content\/uploads\/2023\/09\/WhatsApp-Image-2023-09-29-at-13.34.21-682x1024.jpeg 682w, https:\/\/haircutday.com\/b\/wp-content\/uploads\/2023\/09\/WhatsApp-Image-2023-09-29-at-13.34.21-200x300.jpeg 200w, https:\/\/haircutday.com\/b\/wp-content\/uploads\/2023\/09\/WhatsApp-Image-2023-09-29-at-13.34.21-768x1153.jpeg 768w, https:\/\/haircutday.com\/b\/wp-content\/uploads\/2023\/09\/WhatsApp-Image-2023-09-29-at-13.34.21-1023x1536.jpeg 1023w, https:\/\/haircutday.com\/b\/wp-content\/uploads\/2023\/09\/WhatsApp-Image-2023-09-29-at-13.34.21.jpeg 1066w\" sizes=\"(max-width: 682px) 100vw, 682px\" \/>\t\t\t\t\t\t\t\t\t\t\t<\/div>\n\t\t\t\t<\/div>\n\t\t\t\t<\/div>\n\t\t\t\t\t\t<\/div>\n\t\t\t\t\t<\/div>\n\t\t<\/div>\n\t\t\t\t\t\t\t\t<\/div>\n\t\t\t\t\t<\/div>\n\t\t<\/section>\n\t\t\t\t<section class=\"elementor-section elementor-top-section elementor-element elementor-element-71925e2 elementor-section-boxed elementor-section-height-default elementor-section-height-default\" data-id=\"71925e2\" data-element_type=\"section\">\n\t\t\t\t\t\t<div class=\"elementor-container elementor-column-gap-default\">\n\t\t\t\t\t\t\t<div class=\"elementor-row\">\n\t\t\t\t\t<div class=\"elementor-column elementor-col-100 elementor-top-column elementor-element elementor-element-fffebc1\" data-id=\"fffebc1\" data-element_type=\"column\">\n\t\t\t<div class=\"elementor-column-wrap elementor-element-populated\">\n\t\t\t\t\t\t\t<div class=\"elementor-widget-wrap\">\n\t\t\t\t\t\t<div class=\"elementor-element elementor-element-a7f56e5 elementor-widget elementor-widget-text-editor\" data-id=\"a7f56e5\" data-element_type=\"widget\" data-widget_type=\"text-editor.default\">\n\t\t\t\t<div class=\"elementor-widget-container\">\n\t\t\t\t\t<div class=\"elementor-text-editor elementor-clearfix\"><p><span data-offset-key=\"43ulq-69-0\">\u00bf<\/span><span data-offset-key=\"43ulq-70-0\">Est<\/span><span data-offset-key=\"43ulq-71-0\">\u00e1s<\/span><span data-offset-key=\"43ulq-72-0\"> bus<\/span><span data-offset-key=\"43ulq-73-0\">c<\/span><span data-offset-key=\"43ulq-74-0\">ando<\/span><span data-offset-key=\"43ulq-75-0\"> un<\/span><span data-offset-key=\"43ulq-76-0\">a<\/span><span data-offset-key=\"43ulq-77-0\"> pel<\/span><span data-offset-key=\"43ulq-78-0\">u<\/span><span data-offset-key=\"43ulq-79-0\">quer<\/span><span data-offset-key=\"43ulq-80-0\">\u00eda<\/span><span data-offset-key=\"43ulq-81-0\"> que<\/span><span data-offset-key=\"43ulq-82-0\"> of<\/span><span data-offset-key=\"43ulq-83-0\">rez<\/span><span data-offset-key=\"43ulq-84-0\">ca<\/span><span data-offset-key=\"43ulq-85-0\"> un<\/span><span data-offset-key=\"43ulq-86-0\"> esp<\/span><span data-offset-key=\"43ulq-87-0\">acio<\/span><span data-offset-key=\"43ulq-88-0\"> priv<\/span><span data-offset-key=\"43ulq-89-0\">ado<\/span><span data-offset-key=\"43ulq-90-0\"> para<\/span><span data-offset-key=\"43ulq-91-0\"> mu<\/span><span data-offset-key=\"43ulq-92-0\">je<\/span><span data-offset-key=\"43ulq-93-0\">res<\/span><span data-offset-key=\"43ulq-94-0\"> con<\/span><span data-offset-key=\"43ulq-95-0\">\u00a0vel<\/span><span data-offset-key=\"43ulq-96-0\">o<\/span><span data-offset-key=\"43ulq-97-0\">? <\/span>El \u00faltimo sal\u00f3n abierto, se sit\u00faa en Plaza del Doctor Letamendi 29, ubicado en un barrio con un poder adquisitivo alto, cuenta con un espacio privado y exclusivo en Barcelona. Dise\u00f1ado para aquellas personas que buscan ir al sal\u00f3n de forma privada, manteniendo la intimidad y la comodidad del cliente a la hora de mimar su cabello.<\/p><\/div>\n\t\t\t\t<\/div>\n\t\t\t\t<\/div>\n\t\t\t\t\t\t<\/div>\n\t\t\t\t\t<\/div>\n\t\t<\/div>\n\t\t\t\t\t\t\t\t<\/div>\n\t\t\t\t\t<\/div>\n\t\t<\/section>\n\t\t\t\t<section class=\"elementor-section elementor-top-section elementor-element elementor-element-50204ff elementor-section-boxed elementor-section-height-default elementor-section-height-default\" data-id=\"50204ff\" data-element_type=\"section\">\n\t\t\t\t\t\t<div class=\"elementor-container elementor-column-gap-default\">\n\t\t\t\t\t\t\t<div class=\"elementor-row\">\n\t\t\t\t\t<div class=\"elementor-column elementor-col-100 elementor-top-column elementor-element elementor-element-49b970c\" data-id=\"49b970c\" data-element_type=\"column\">\n\t\t\t<div class=\"elementor-column-wrap elementor-element-populated\">\n\t\t\t\t\t\t\t<div class=\"elementor-widget-wrap\">\n\t\t\t\t\t\t<div class=\"elementor-element elementor-element-374dacc elementor-widget elementor-widget-heading\" data-id=\"374dacc\" data-element_type=\"widget\" data-widget_type=\"heading.default\">\n\t\t\t\t<div class=\"elementor-widget-container\">\n\t\t\t<h3 class=\"elementor-heading-title elementor-size-default\">\u00bfQu\u00e9 servicios ofrece una peluquer\u00eda con una espacio privado en Barcelona?<\/h3>\t\t<\/div>\n\t\t\t\t<\/div>\n\t\t\t\t\t\t<\/div>\n\t\t\t\t\t<\/div>\n\t\t<\/div>\n\t\t\t\t\t\t\t\t<\/div>\n\t\t\t\t\t<\/div>\n\t\t<\/section>\n\t\t\t\t<section class=\"elementor-section elementor-top-section elementor-element elementor-element-5279b1e elementor-section-boxed elementor-section-height-default elementor-section-height-default\" data-id=\"5279b1e\" data-element_type=\"section\">\n\t\t\t\t\t\t<div class=\"elementor-container elementor-column-gap-default\">\n\t\t\t\t\t\t\t<div class=\"elementor-row\">\n\t\t\t\t\t<div class=\"elementor-column elementor-col-100 elementor-top-column elementor-element elementor-element-891ab64\" data-id=\"891ab64\" data-element_type=\"column\">\n\t\t\t<div class=\"elementor-column-wrap elementor-element-populated\">\n\t\t\t\t\t\t\t<div class=\"elementor-widget-wrap\">\n\t\t\t\t\t\t<div class=\"elementor-element elementor-element-8f034aa elementor-widget elementor-widget-image\" data-id=\"8f034aa\" data-element_type=\"widget\" data-widget_type=\"image.default\">\n\t\t\t\t<div class=\"elementor-widget-container\">\n\t\t\t\t\t<div class=\"elementor-image\">\n\t\t\t\t\t\t\t\t\t\t<img width=\"682\" height=\"1024\" src=\"https:\/\/haircutday.com\/b\/wp-content\/uploads\/2023\/02\/WhatsApp-Image-2023-09-29-at-13.34.20-1-682x1024.jpeg\" class=\"attachment-large size-large\" alt=\"\" loading=\"lazy\" srcset=\"https:\/\/haircutday.com\/b\/wp-content\/uploads\/2023\/02\/WhatsApp-Image-2023-09-29-at-13.34.20-1-682x1024.jpeg 682w, https:\/\/haircutday.com\/b\/wp-content\/uploads\/2023\/02\/WhatsApp-Image-2023-09-29-at-13.34.20-1-200x300.jpeg 200w, https:\/\/haircutday.com\/b\/wp-content\/uploads\/2023\/02\/WhatsApp-Image-2023-09-29-at-13.34.20-1-768x1153.jpeg 768w, https:\/\/haircutday.com\/b\/wp-content\/uploads\/2023\/02\/WhatsApp-Image-2023-09-29-at-13.34.20-1-1023x1536.jpeg 1023w, https:\/\/haircutday.com\/b\/wp-content\/uploads\/2023\/02\/WhatsApp-Image-2023-09-29-at-13.34.20-1.jpeg 1066w\" sizes=\"(max-width: 682px) 100vw, 682px\" \/>\t\t\t\t\t\t\t\t\t\t\t<\/div>\n\t\t\t\t<\/div>\n\t\t\t\t<\/div>\n\t\t\t\t\t\t<\/div>\n\t\t\t\t\t<\/div>\n\t\t<\/div>\n\t\t\t\t\t\t\t\t<\/div>\n\t\t\t\t\t<\/div>\n\t\t<\/section>\n\t\t\t\t<section class=\"elementor-section elementor-top-section elementor-element elementor-element-0695e36 elementor-section-boxed elementor-section-height-default elementor-section-height-default\" data-id=\"0695e36\" data-element_type=\"section\">\n\t\t\t\t\t\t<div class=\"elementor-container elementor-column-gap-default\">\n\t\t\t\t\t\t\t<div class=\"elementor-row\">\n\t\t\t\t\t<div class=\"elementor-column elementor-col-100 elementor-top-column elementor-element elementor-element-15bf5a6\" data-id=\"15bf5a6\" data-element_type=\"column\">\n\t\t\t<div class=\"elementor-column-wrap elementor-element-populated\">\n\t\t\t\t\t\t\t<div class=\"elementor-widget-wrap\">\n\t\t\t\t\t\t<div class=\"elementor-element elementor-element-1ec1a41 elementor-widget elementor-widget-text-editor\" data-id=\"1ec1a41\" data-element_type=\"widget\" data-widget_type=\"text-editor.default\">\n\t\t\t\t<div class=\"elementor-widget-container\">\n\t\t\t\t\t<div class=\"elementor-text-editor elementor-clearfix\"><p>Vivir\u00e1s una experiencia agradable y estar\u00e1s en un ambiente acogedor y discreto\u00a0 totalmente equipado para una mayor comodidad, adem\u00e1s ofrecemos servicios y tratamientos de peluquer\u00eda:<\/p><ul><li>Cortes de cabello<\/li><li>Coloraci\u00f3n\u00a0<\/li><li>Mechas<\/li><li>Tratamientos capilares\u00a0<\/li><li>Alisados<\/li><li>Botox capilar<\/li><li>Extensiones de cabello 100% natural<\/li><li>Brushing<\/li><\/ul><\/div>\n\t\t\t\t<\/div>\n\t\t\t\t<\/div>\n\t\t\t\t\t\t<\/div>\n\t\t\t\t\t<\/div>\n\t\t<\/div>\n\t\t\t\t\t\t\t\t<\/div>\n\t\t\t\t\t<\/div>\n\t\t<\/section>\n\t\t\t\t<section class=\"elementor-section elementor-top-section elementor-element elementor-element-c08b6b0 elementor-section-boxed elementor-section-height-default elementor-section-height-default\" data-id=\"c08b6b0\" data-element_type=\"section\">\n\t\t\t\t\t\t<div class=\"elementor-container elementor-column-gap-default\">\n\t\t\t\t\t\t\t<div class=\"elementor-row\">\n\t\t\t\t\t<div class=\"elementor-column elementor-col-100 elementor-top-column elementor-element elementor-element-47b8510\" data-id=\"47b8510\" data-element_type=\"column\">\n\t\t\t<div class=\"elementor-column-wrap elementor-element-populated\">\n\t\t\t\t\t\t\t<div class=\"elementor-widget-wrap\">\n\t\t\t\t\t\t<div class=\"elementor-element elementor-element-d26c44a elementor-widget elementor-widget-text-editor\" data-id=\"d26c44a\" data-element_type=\"widget\" data-widget_type=\"text-editor.default\">\n\t\t\t\t<div class=\"elementor-widget-container\">\n\t\t\t\t\t<div class=\"elementor-text-editor elementor-clearfix\"><p>Tratamientos de est\u00e9tica:<\/p><ul><li>Make Up<\/li><li>Tratamientos faciales<\/li><li>Tratamientos corporales<\/li><li>Depilaciones<\/li><li>Extensiones de pesta\u00f1as pelo a pelo<\/li><li>Lifting de pesta\u00f1as<\/li><li>Dise\u00f1o y tinte de cejas<\/li><li>Masajes descontracturantes<\/li><li>Masajes relajantes<\/li><\/ul><p>Si tienes alguna pregunta sobre el cuidado del cabello o nuestros servicios, aqu\u00ed estamos para ayudarte.<\/p><\/div>\n\t\t\t\t<\/div>\n\t\t\t\t<\/div>\n\t\t\t\t\t\t<\/div>\n\t\t\t\t\t<\/div>\n\t\t<\/div>\n\t\t\t\t\t\t\t\t<\/div>\n\t\t\t\t\t<\/div>\n\t\t<\/section>\n\t\t\t\t<section class=\"elementor-section elementor-top-section elementor-element elementor-element-dcfc5cd elementor-section-boxed elementor-section-height-default elementor-section-height-default\" data-id=\"dcfc5cd\" data-element_type=\"section\">\n\t\t\t\t\t\t<div class=\"elementor-container elementor-column-gap-default\">\n\t\t\t\t\t\t\t<div class=\"elementor-row\">\n\t\t\t\t\t<div class=\"elementor-column elementor-col-100 elementor-top-column elementor-element elementor-element-8ddde52\" data-id=\"8ddde52\" data-element_type=\"column\">\n\t\t\t<div class=\"elementor-column-wrap elementor-element-populated\">\n\t\t\t\t\t\t\t<div class=\"elementor-widget-wrap\">\n\t\t\t\t\t\t<div class=\"elementor-element elementor-element-00db3aa elementor-widget elementor-widget-heading\" data-id=\"00db3aa\" data-element_type=\"widget\" data-widget_type=\"heading.default\">\n\t\t\t\t<div class=\"elementor-widget-container\">\n\t\t\t<h3 class=\"elementor-heading-title elementor-size-default\">\u00bfC\u00f3mo puedo concretar una  cita para un servicio de peluquer\u00eda en un zona privada Barcelona?<\/h3>\t\t<\/div>\n\t\t\t\t<\/div>\n\t\t\t\t\t\t<\/div>\n\t\t\t\t\t<\/div>\n\t\t<\/div>\n\t\t\t\t\t\t\t\t<\/div>\n\t\t\t\t\t<\/div>\n\t\t<\/section>\n\t\t\t\t<section class=\"elementor-section elementor-top-section elementor-element elementor-element-434eb95 elementor-section-boxed elementor-section-height-default elementor-section-height-default\" data-id=\"434eb95\" data-element_type=\"section\">\n\t\t\t\t\t\t<div class=\"elementor-container elementor-column-gap-default\">\n\t\t\t\t\t\t\t<div class=\"elementor-row\">\n\t\t\t\t\t<div class=\"elementor-column elementor-col-100 elementor-top-column elementor-element elementor-element-a09675a\" data-id=\"a09675a\" data-element_type=\"column\">\n\t\t\t<div class=\"elementor-column-wrap elementor-element-populated\">\n\t\t\t\t\t\t\t<div class=\"elementor-widget-wrap\">\n\t\t\t\t\t\t<div class=\"elementor-element elementor-element-9e9deaf elementor-widget elementor-widget-text-editor\" data-id=\"9e9deaf\" data-element_type=\"widget\" data-widget_type=\"text-editor.default\">\n\t\t\t\t<div class=\"elementor-widget-container\">\n\t\t\t\t\t<div class=\"elementor-text-editor elementor-clearfix\"><p>S\u00f3lo necesitas llamar al 602617757 y concretar una cita. Una vez acudas al sal\u00f3n la estilista\u00a0 se encargar\u00e1 de acompa\u00f1ante a la planta de abajo, una sala totalmente privada y equipada.<\/p><\/div>\n\t\t\t\t<\/div>\n\t\t\t\t<\/div>\n\t\t\t\t\t\t<\/div>\n\t\t\t\t\t<\/div>\n\t\t<\/div>\n\t\t\t\t\t\t\t\t<\/div>\n\t\t\t\t\t<\/div>\n\t\t<\/section>\n\t\t\t\t<section class=\"elementor-section elementor-top-section elementor-element elementor-element-1da9da7 elementor-section-boxed elementor-section-height-default elementor-section-height-default\" data-id=\"1da9da7\" data-element_type=\"section\">\n\t\t\t\t\t\t<div class=\"elementor-container elementor-column-gap-default\">\n\t\t\t\t\t\t\t<div class=\"elementor-row\">\n\t\t\t\t\t<div class=\"elementor-column elementor-col-100 elementor-top-column elementor-element elementor-element-90ed9a3\" data-id=\"90ed9a3\" data-element_type=\"column\">\n\t\t\t<div class=\"elementor-column-wrap elementor-element-populated\">\n\t\t\t\t\t\t\t<div class=\"elementor-widget-wrap\">\n\t\t\t\t\t\t<div class=\"elementor-element elementor-element-49464f8 elementor-widget elementor-widget-image\" data-id=\"49464f8\" data-element_type=\"widget\" data-widget_type=\"image.default\">\n\t\t\t\t<div class=\"elementor-widget-container\">\n\t\t\t\t\t<div class=\"elementor-image\">\n\t\t\t\t\t\t\t\t\t\t<img width=\"682\" height=\"1024\" src=\"https:\/\/haircutday.com\/b\/wp-content\/uploads\/2023\/02\/WhatsApp-Image-2023-09-29-at-13.34.17-682x1024.jpeg\" class=\"attachment-large size-large\" alt=\"\" loading=\"lazy\" srcset=\"https:\/\/haircutday.com\/b\/wp-content\/uploads\/2023\/02\/WhatsApp-Image-2023-09-29-at-13.34.17-682x1024.jpeg 682w, https:\/\/haircutday.com\/b\/wp-content\/uploads\/2023\/02\/WhatsApp-Image-2023-09-29-at-13.34.17-200x300.jpeg 200w, https:\/\/haircutday.com\/b\/wp-content\/uploads\/2023\/02\/WhatsApp-Image-2023-09-29-at-13.34.17-768x1153.jpeg 768w, https:\/\/haircutday.com\/b\/wp-content\/uploads\/2023\/02\/WhatsApp-Image-2023-09-29-at-13.34.17-1023x1536.jpeg 1023w, https:\/\/haircutday.com\/b\/wp-content\/uploads\/2023\/02\/WhatsApp-Image-2023-09-29-at-13.34.17.jpeg 1066w\" sizes=\"(max-width: 682px) 100vw, 682px\" \/>\t\t\t\t\t\t\t\t\t\t\t<\/div>\n\t\t\t\t<\/div>\n\t\t\t\t<\/div>\n\t\t\t\t\t\t<\/div>\n\t\t\t\t\t<\/div>\n\t\t<\/div>\n\t\t\t\t\t\t\t\t<\/div>\n\t\t\t\t\t<\/div>\n\t\t<\/section>\n\t\t\t\t<section class=\"elementor-section elementor-top-section elementor-element elementor-element-751bf29 elementor-section-boxed elementor-section-height-default elementor-section-height-default\" data-id=\"751bf29\" data-element_type=\"section\">\n\t\t\t\t\t\t<div class=\"elementor-container elementor-column-gap-default\">\n\t\t\t\t\t\t\t<div class=\"elementor-row\">\n\t\t\t\t\t<div class=\"elementor-column elementor-col-100 elementor-top-column elementor-element elementor-element-14e3a49\" data-id=\"14e3a49\" data-element_type=\"column\">\n\t\t\t<div class=\"elementor-column-wrap elementor-element-populated\">\n\t\t\t\t\t\t\t<div class=\"elementor-widget-wrap\">\n\t\t\t\t\t\t<div class=\"elementor-element elementor-element-1fb2e5f elementor-widget elementor-widget-heading\" data-id=\"1fb2e5f\" data-element_type=\"widget\" data-widget_type=\"heading.default\">\n\t\t\t\t<div class=\"elementor-widget-container\">\n\t\t\t<h3 class=\"elementor-heading-title elementor-size-default\">Peluquer\u00eda TOP BARCELONA<\/h3>\t\t<\/div>\n\t\t\t\t<\/div>\n\t\t\t\t\t\t<\/div>\n\t\t\t\t\t<\/div>\n\t\t<\/div>\n\t\t\t\t\t\t\t\t<\/div>\n\t\t\t\t\t<\/div>\n\t\t<\/section>\n\t\t\t\t<section class=\"elementor-section elementor-top-section elementor-element elementor-element-e973ed3 elementor-section-boxed elementor-section-height-default elementor-section-height-default\" data-id=\"e973ed3\" data-element_type=\"section\">\n\t\t\t\t\t\t<div class=\"elementor-container elementor-column-gap-default\">\n\t\t\t\t\t\t\t<div class=\"elementor-row\">\n\t\t\t\t\t<div class=\"elementor-column elementor-col-100 elementor-top-column elementor-element elementor-element-68e1fe0\" data-id=\"68e1fe0\" data-element_type=\"column\">\n\t\t\t<div class=\"elementor-column-wrap elementor-element-populated\">\n\t\t\t\t\t\t\t<div class=\"elementor-widget-wrap\">\n\t\t\t\t\t\t<div class=\"elementor-element elementor-element-bda3027 elementor-widget elementor-widget-text-editor\" data-id=\"bda3027\" data-element_type=\"widget\" data-widget_type=\"text-editor.default\">\n\t\t\t\t<div class=\"elementor-widget-container\">\n\t\t\t\t\t<div class=\"elementor-text-editor elementor-clearfix\"><p>Hair Cut Day ya cuenta con una una comunidad segura y respetuosa donde nuestras clientas son atendidas con mayor discreci\u00f3n, nos comprometemos en proteger tus datos privados. Ofrecemos los mejores servicios y productos capilares para mantener a nuestras clientas luciendo hermosas.<\/p><\/div>\n\t\t\t\t<\/div>\n\t\t\t\t<\/div>\n\t\t\t\t\t\t<\/div>\n\t\t\t\t\t<\/div>\n\t\t<\/div>\n\t\t\t\t\t\t\t\t<\/div>\n\t\t\t\t\t<\/div>\n\t\t<\/section>\n\t\t\t\t<section class=\"elementor-section elementor-top-section elementor-element elementor-element-4fc65c1 elementor-section-boxed elementor-section-height-default elementor-section-height-default\" data-id=\"4fc65c1\" data-element_type=\"section\">\n\t\t\t\t\t\t<div class=\"elementor-container elementor-column-gap-default\">\n\t\t\t\t\t\t\t<div class=\"elementor-row\">\n\t\t\t\t\t<div class=\"elementor-column elementor-col-100 elementor-top-column elementor-element elementor-element-8525ebf\" data-id=\"8525ebf\" data-element_type=\"column\">\n\t\t\t<div class=\"elementor-column-wrap elementor-element-populated\">\n\t\t\t\t\t\t\t<div class=\"elementor-widget-wrap\">\n\t\t\t\t\t\t<div class=\"elementor-element elementor-element-171ac9b elementor-widget elementor-widget-image\" data-id=\"171ac9b\" data-element_type=\"widget\" data-widget_type=\"image.default\">\n\t\t\t\t<div class=\"elementor-widget-container\">\n\t\t\t\t\t<div class=\"elementor-image\">\n\t\t\t\t\t\t\t\t\t\t<img width=\"682\" height=\"1024\" src=\"https:\/\/haircutday.com\/b\/wp-content\/uploads\/2023\/09\/WhatsApp-Image-2023-09-29-at-13.53.08-682x1024.jpeg\" class=\"attachment-large size-large\" alt=\"\" loading=\"lazy\" srcset=\"https:\/\/haircutday.com\/b\/wp-content\/uploads\/2023\/09\/WhatsApp-Image-2023-09-29-at-13.53.08-682x1024.jpeg 682w, https:\/\/haircutday.com\/b\/wp-content\/uploads\/2023\/09\/WhatsApp-Image-2023-09-29-at-13.53.08-200x300.jpeg 200w, https:\/\/haircutday.com\/b\/wp-content\/uploads\/2023\/09\/WhatsApp-Image-2023-09-29-at-13.53.08-768x1153.jpeg 768w, https:\/\/haircutday.com\/b\/wp-content\/uploads\/2023\/09\/WhatsApp-Image-2023-09-29-at-13.53.08-1023x1536.jpeg 1023w, https:\/\/haircutday.com\/b\/wp-content\/uploads\/2023\/09\/WhatsApp-Image-2023-09-29-at-13.53.08.jpeg 1066w\" sizes=\"(max-width: 682px) 100vw, 682px\" \/>\t\t\t\t\t\t\t\t\t\t\t<\/div>\n\t\t\t\t<\/div>\n\t\t\t\t<\/div>\n\t\t\t\t\t\t<\/div>\n\t\t\t\t\t<\/div>\n\t\t<\/div>\n\t\t\t\t\t\t\t\t<\/div>\n\t\t\t\t\t<\/div>\n\t\t<\/section>\n\t\t\t\t<section class=\"elementor-section elementor-top-section elementor-element elementor-element-6cfc251 elementor-section-boxed elementor-section-height-default elementor-section-height-default\" data-id=\"6cfc251\" data-element_type=\"section\">\n\t\t\t\t\t\t<div class=\"elementor-container elementor-column-gap-default\">\n\t\t\t\t\t\t\t<div class=\"elementor-row\">\n\t\t\t\t\t<div class=\"elementor-column elementor-col-100 elementor-top-column elementor-element elementor-element-68744c3\" data-id=\"68744c3\" data-element_type=\"column\">\n\t\t\t<div class=\"elementor-column-wrap elementor-element-populated\">\n\t\t\t\t\t\t\t<div class=\"elementor-widget-wrap\">\n\t\t\t\t\t\t<div class=\"elementor-element elementor-element-4b607c9 elementor-widget elementor-widget-text-editor\" data-id=\"4b607c9\" data-element_type=\"widget\" data-widget_type=\"text-editor.default\">\n\t\t\t\t<div class=\"elementor-widget-container\">\n\t\t\t\t\t<div class=\"elementor-text-editor elementor-clearfix\"><p><span data-offset-key=\"3sur8-37-0\">Hair Cut Day Plaza del Doctor Letamendi 29, est\u00e1 <\/span><span data-offset-key=\"3sur8-39-0\">en<\/span><span data-offset-key=\"3sur8-40-0\">f<\/span><span data-offset-key=\"3sur8-41-0\">ocado<\/span><span data-offset-key=\"3sur8-42-0\"> principal<\/span><span data-offset-key=\"3sur8-43-0\">ment<\/span><span data-offset-key=\"3sur8-44-0\">e<\/span><span data-offset-key=\"3sur8-45-0\"> a<\/span><span data-offset-key=\"3sur8-46-0\"> client<\/span><span data-offset-key=\"3sur8-47-0\">es<\/span><span data-offset-key=\"3sur8-56-0\"> que<\/span><span data-offset-key=\"3sur8-57-0\"> bus<\/span><span data-offset-key=\"3sur8-58-0\">can<\/span><span data-offset-key=\"3sur8-59-0\"> un<\/span><span data-offset-key=\"3sur8-60-0\"> tr<\/span><span data-offset-key=\"3sur8-61-0\">at<\/span><span data-offset-key=\"3sur8-62-0\">am<\/span><span data-offset-key=\"3sur8-63-0\">ient<\/span><span data-offset-key=\"3sur8-64-0\">o<\/span><span data-offset-key=\"3sur8-65-0\"> m<\/span><span data-offset-key=\"3sur8-66-0\">\u00e1s<\/span><span data-offset-key=\"3sur8-67-0\"> personal<\/span><span data-offset-key=\"3sur8-68-0\">iz<\/span><span data-offset-key=\"3sur8-69-0\">ado y busquen una<\/span><span data-offset-key=\"3sur8-83-0\">\u00a0mayor<\/span><span data-offset-key=\"3sur8-84-0\"> tranquil<\/span><span data-offset-key=\"3sur8-85-0\">idad<\/span><span data-offset-key=\"3sur8-86-0\"> y<\/span><span data-offset-key=\"3sur8-87-0\"> com<\/span><span data-offset-key=\"3sur8-88-0\">od<\/span><span data-offset-key=\"3sur8-89-0\">idad. <\/span><span data-offset-key=\"3sur8-98-0\">Dis<\/span><span data-offset-key=\"3sur8-99-0\">fr<\/span><span data-offset-key=\"3sur8-100-0\">ut<\/span><span data-offset-key=\"3sur8-101-0\">ar<\/span><span data-offset-key=\"3sur8-102-0\"> de<\/span><span data-offset-key=\"3sur8-103-0\"> un<\/span><span data-offset-key=\"3sur8-104-0\"> servic<\/span><span data-offset-key=\"3sur8-105-0\">io<\/span><span data-offset-key=\"3sur8-106-0\"> exclus<\/span><span data-offset-key=\"3sur8-107-0\">ivo<\/span><span data-offset-key=\"3sur8-108-0\">. Por ello queremos invitar a todas nuestras clientas que ya han probado esta experiencia, que puedan compartir sus experiencias, recomendaciones y opiniones.\u00a0<\/span><span style=\"font-size: 18px; color: var( --e-global-color-text );\">Hair Cut Day esta comprometido con la excelencia en el cuidado capilar y el bienestar de todas las clientas que acudan a nuestro sal\u00f3n con espacio privado en Barcelona. !Os esperamos!<\/span><\/p><\/div>\n\t\t\t\t<\/div>\n\t\t\t\t<\/div>\n\t\t\t\t\t\t<\/div>\n\t\t\t\t\t<\/div>\n\t\t<\/div>\n\t\t\t\t\t\t\t\t<\/div>\n\t\t\t\t\t<\/div>\n\t\t<\/section>\n\t\t\t\t<section class=\"elementor-section elementor-top-section elementor-element elementor-element-329107d elementor-section-boxed elementor-section-height-default elementor-section-height-default\" data-id=\"329107d\" data-element_type=\"section\">\n\t\t\t\t\t\t<div class=\"elementor-container elementor-column-gap-default\">\n\t\t\t\t\t\t\t<div class=\"elementor-row\">\n\t\t\t\t\t<div class=\"elementor-column elementor-col-100 elementor-top-column elementor-element elementor-element-3205167\" data-id=\"3205167\" data-element_type=\"column\">\n\t\t\t<div class=\"elementor-column-wrap elementor-element-populated\">\n\t\t\t\t\t\t\t<div class=\"elementor-widget-wrap\">\n\t\t\t\t\t\t<div class=\"elementor-element elementor-element-9b5bf93 elementor-widget elementor-widget-text-editor\" data-id=\"9b5bf93\" data-element_type=\"widget\" data-widget_type=\"text-editor.default\">\n\t\t\t\t<div class=\"elementor-widget-container\">\n\t\t\t\t\t<div class=\"elementor-text-editor elementor-clearfix\"><p>\u00a0S\u00edguenos en nuestro <a href=\"https:\/\/www.instagram.com\/haircutday\/\">Instagram de Hair Cut Day<\/a>. Pide tu cita con un 15% de descuento a trav\u00e9s de nuestra p\u00e1gina web de\u00a0<a href=\"https:\/\/haircutday.com\/reserva\">Hair Cut Day<\/a>. \u00a1Aprov\u00e9chalo!<\/p><p>HAIR CUT DAY Barcelona;\u00a0<\/p><p>Av. Diagonal, 511, Les corts, 08029\u00a0 \u00a0 \u00a0 \u00a0 \u00a0 \u00a0 \u00a0 \u00a0 \u00a0 \u00a0 \u00a0 \u00a0Tel 931 46 33 13<\/p><p>C\/. Arag\u00f3, 287, L&#8217;Eixample, 08009\u00a0 \u00a0 \u00a0 \u00a0 \u00a0 \u00a0 \u00a0 \u00a0 \u00a0 \u00a0 \u00a0 \u00a0 \u00a0 \u00a0Tel 938 53 33 71<\/p><p>Pl. del Dr. Letamendi, 29, L&#8217;Eixample,\u00a0 08007\u00a0 \u00a0 \u00a0 \u00a0 \u00a0Tel 931 46 35 10<\/p><\/div>\n\t\t\t\t<\/div>\n\t\t\t\t<\/div>\n\t\t\t\t\t\t<\/div>\n\t\t\t\t\t<\/div>\n\t\t<\/div>\n\t\t\t\t\t\t\t\t<\/div>\n\t\t\t\t\t<\/div>\n\t\t<\/section>\n\t\t\t\t\t\t<\/div>\n\t\t\t\t\t\t<\/div>\n\t\t\t\t\t<\/div>\n\t\t","protected":false},"excerpt":{"rendered":"<p>Bienvenidos a nuestro blog dedicado para encontrar tu peluquer\u00eda con espacio privado en Barcelona.&nbsp;Hair Cut Day es un sal\u00f3n de belleza situado en el centro&hellip;<\/p>\n","protected":false},"author":2,"featured_media":6048,"comment_status":"closed","ping_status":"open","sticky":false,"template":"","format":"standard","meta":[],"categories":[1],"tags":[],"yoast_head":"<!-- This site is optimized with the Yoast SEO plugin v15.6.2 - https:\/\/yoast.com\/wordpress\/plugins\/seo\/ -->\n<title>Peluquer\u00eda con espacio privado Barcelona | HairCutDay<\/title>\n<meta name=\"description\" content=\"Peluquer\u00eda con espacio privado en Barcelona, enfocado para aquellas clientas que busquen mimar su cabello manteniendo la intimidad.\" \/>\n<meta name=\"robots\" content=\"index, follow, max-snippet:-1, max-image-preview:large, max-video-preview:-1\" \/>\n<link rel=\"canonical\" href=\"https:\/\/haircutday.com\/b\/peluqueria-con-espacio-privado-barcelona\" \/>\n<meta property=\"og:locale\" content=\"es_ES\" \/>\n<meta property=\"og:type\" content=\"article\" \/>\n<meta property=\"og:title\" content=\"Peluquer\u00eda con espacio privado Barcelona | HairCutDay\" \/>\n<meta property=\"og:description\" content=\"Peluquer\u00eda con espacio privado en Barcelona, enfocado para aquellas clientas que busquen mimar su cabello manteniendo la intimidad.\" \/>\n<meta property=\"og:url\" content=\"https:\/\/haircutday.com\/b\/peluqueria-con-espacio-privado-barcelona\" \/>\n<meta property=\"og:site_name\" content=\"Blog de tendencias | Hair Cut Day\" \/>\n<meta property=\"article:publisher\" content=\"https:\/\/www.facebook.com\/haircutdaybcn\/\" \/>\n<meta property=\"article:published_time\" content=\"2025-01-02T15:37:00+00:00\" \/>\n<meta property=\"article:modified_time\" content=\"2025-01-07T12:26:54+00:00\" \/>\n<meta property=\"og:image\" content=\"https:\/\/haircutday.com\/b\/wp-content\/uploads\/2023\/07\/WhatsApp-Image-2023-09-29-at-13.34.20.jpeg\" \/>\n\t<meta property=\"og:image:width\" content=\"1600\" \/>\n\t<meta property=\"og:image:height\" content=\"1066\" \/>\n<meta name=\"twitter:card\" content=\"summary_large_image\" \/>\n<meta name=\"twitter:creator\" content=\"@haircutday\" \/>\n<meta name=\"twitter:site\" content=\"@haircutday\" \/>\n<meta name=\"twitter:label1\" content=\"Tiempo de lectura\">\n\t<meta name=\"twitter:data1\" content=\"4 minutos\">\n<script type=\"application\/ld+json\" class=\"yoast-schema-graph\">{\"@context\":\"https:\/\/schema.org\",\"@graph\":[{\"@type\":\"Organization\",\"@id\":\"https:\/\/haircutday.com\/b\/#organization\",\"name\":\"Hair Cut Day\",\"url\":\"https:\/\/haircutday.com\/b\/\",\"sameAs\":[\"https:\/\/www.facebook.com\/haircutdaybcn\/\",\"https:\/\/www.instagram.com\/haircutday\/\",\"https:\/\/twitter.com\/haircutday\"],\"logo\":{\"@type\":\"ImageObject\",\"@id\":\"https:\/\/haircutday.com\/b\/#logo\",\"inLanguage\":\"es\",\"url\":\"https:\/\/haircutday.com\/b\/wp-content\/uploads\/2019\/07\/blog-de-lepetitsalon-logo.png\",\"width\":350,\"height\":87,\"caption\":\"Hair Cut Day\"},\"image\":{\"@id\":\"https:\/\/haircutday.com\/b\/#logo\"}},{\"@type\":\"WebSite\",\"@id\":\"https:\/\/haircutday.com\/b\/#website\",\"url\":\"https:\/\/haircutday.com\/b\/\",\"name\":\"Blog de tendencias | Hair Cut Day\",\"description\":\"Descubre las \\u00faltimas tendencias en peluquer\\u00eda, est\\u00e9tica y moda. Blog de Hair Cut Day.\",\"publisher\":{\"@id\":\"https:\/\/haircutday.com\/b\/#organization\"},\"potentialAction\":[{\"@type\":\"SearchAction\",\"target\":\"https:\/\/haircutday.com\/b\/?s={search_term_string}\",\"query-input\":\"required name=search_term_string\"}],\"inLanguage\":\"es\"},{\"@type\":\"ImageObject\",\"@id\":\"https:\/\/haircutday.com\/b\/peluqueria-con-espacio-privado-barcelona#primaryimage\",\"inLanguage\":\"es\",\"url\":\"https:\/\/haircutday.com\/b\/wp-content\/uploads\/2023\/07\/WhatsApp-Image-2023-09-29-at-13.34.20.jpeg\",\"width\":1600,\"height\":1066},{\"@type\":\"WebPage\",\"@id\":\"https:\/\/haircutday.com\/b\/peluqueria-con-espacio-privado-barcelona#webpage\",\"url\":\"https:\/\/haircutday.com\/b\/peluqueria-con-espacio-privado-barcelona\",\"name\":\"Peluquer\\u00eda con espacio privado Barcelona | HairCutDay\",\"isPartOf\":{\"@id\":\"https:\/\/haircutday.com\/b\/#website\"},\"primaryImageOfPage\":{\"@id\":\"https:\/\/haircutday.com\/b\/peluqueria-con-espacio-privado-barcelona#primaryimage\"},\"datePublished\":\"2025-01-02T15:37:00+00:00\",\"dateModified\":\"2025-01-07T12:26:54+00:00\",\"description\":\"Peluquer\\u00eda con espacio privado en Barcelona, enfocado para aquellas clientas que busquen mimar su cabello manteniendo la intimidad.\",\"breadcrumb\":{\"@id\":\"https:\/\/haircutday.com\/b\/peluqueria-con-espacio-privado-barcelona#breadcrumb\"},\"inLanguage\":\"es\",\"potentialAction\":[{\"@type\":\"ReadAction\",\"target\":[\"https:\/\/haircutday.com\/b\/peluqueria-con-espacio-privado-barcelona\"]}]},{\"@type\":\"BreadcrumbList\",\"@id\":\"https:\/\/haircutday.com\/b\/peluqueria-con-espacio-privado-barcelona#breadcrumb\",\"itemListElement\":[{\"@type\":\"ListItem\",\"position\":1,\"item\":{\"@type\":\"WebPage\",\"@id\":\"https:\/\/haircutday.com\/b\",\"url\":\"https:\/\/haircutday.com\/b\",\"name\":\"Blog\"}},{\"@type\":\"ListItem\",\"position\":2,\"item\":{\"@type\":\"WebPage\",\"@id\":\"https:\/\/haircutday.com\/b\/peluqueria-con-espacio-privado-barcelona\",\"url\":\"https:\/\/haircutday.com\/b\/peluqueria-con-espacio-privado-barcelona\",\"name\":\"Peluquer\\u00eda con espacio privado Barcelona\"}}]},{\"@type\":\"Article\",\"@id\":\"https:\/\/haircutday.com\/b\/peluqueria-con-espacio-privado-barcelona#article\",\"isPartOf\":{\"@id\":\"https:\/\/haircutday.com\/b\/peluqueria-con-espacio-privado-barcelona#webpage\"},\"author\":{\"@id\":\"https:\/\/haircutday.com\/b\/#\/schema\/person\/34f847fd88e67d43fa300ff2bdd1942a\"},\"headline\":\"Peluquer\\u00eda con espacio privado Barcelona\",\"datePublished\":\"2025-01-02T15:37:00+00:00\",\"dateModified\":\"2025-01-07T12:26:54+00:00\",\"mainEntityOfPage\":{\"@id\":\"https:\/\/haircutday.com\/b\/peluqueria-con-espacio-privado-barcelona#webpage\"},\"publisher\":{\"@id\":\"https:\/\/haircutday.com\/b\/#organization\"},\"image\":{\"@id\":\"https:\/\/haircutday.com\/b\/peluqueria-con-espacio-privado-barcelona#primaryimage\"},\"inLanguage\":\"es\"},{\"@type\":\"Person\",\"@id\":\"https:\/\/haircutday.com\/b\/#\/schema\/person\/34f847fd88e67d43fa300ff2bdd1942a\",\"name\":\"Veronica Haro\"}]}<\/script>\n<!-- \/ Yoast SEO plugin. -->","_links":{"self":[{"href":"https:\/\/haircutday.com\/b\/wp-json\/wp\/v2\/posts\/3550"}],"collection":[{"href":"https:\/\/haircutday.com\/b\/wp-json\/wp\/v2\/posts"}],"about":[{"href":"https:\/\/haircutday.com\/b\/wp-json\/wp\/v2\/types\/post"}],"author":[{"embeddable":true,"href":"https:\/\/haircutday.com\/b\/wp-json\/wp\/v2\/users\/2"}],"replies":[{"embeddable":true,"href":"https:\/\/haircutday.com\/b\/wp-json\/wp\/v2\/comments?post=3550"}],"version-history":[{"count":230,"href":"https:\/\/haircutday.com\/b\/wp-json\/wp\/v2\/posts\/3550\/revisions"}],"predecessor-version":[{"id":10222,"href":"https:\/\/haircutday.com\/b\/wp-json\/wp\/v2\/posts\/3550\/revisions\/10222"}],"wp:featuredmedia":[{"embeddable":true,"href":"https:\/\/haircutday.com\/b\/wp-json\/wp\/v2\/media\/6048"}],"wp:attachment":[{"href":"https:\/\/haircutday.com\/b\/wp-json\/wp\/v2\/media?parent=3550"}],"wp:term":[{"taxonomy":"category","embeddable":true,"href":"https:\/\/haircutday.com\/b\/wp-json\/wp\/v2\/categories?post=3550"},{"taxonomy":"post_tag","embeddable":true,"href":"https:\/\/haircutday.com\/b\/wp-json\/wp\/v2\/tags?post=3550"}],"curies":[{"name":"wp","href":"https:\/\/api.w.org\/{rel}","templated":true}]}}