{"id":9345,"date":"2025-01-02T12:22:00","date_gmt":"2025-01-02T11:22:00","guid":{"rendered":"https:\/\/haircutday.com\/b\/?p=9345"},"modified":"2025-01-07T13:37:58","modified_gmt":"2025-01-07T12:37:58","slug":"laser-de-diodo-preguntas-frecuentes","status":"publish","type":"post","link":"https:\/\/haircutday.com\/b\/laser-de-diodo-preguntas-frecuentes","title":{"rendered":"L\u00e1ser de Diodo: Preguntas Frecuentes"},"content":{"rendered":"\t\t<div data-elementor-type=\"wp-post\" data-elementor-id=\"9345\" class=\"elementor elementor-9345\" data-elementor-settings=\"[]\">\n\t\t\t\t\t\t<div class=\"elementor-inner\">\n\t\t\t\t\t\t\t<div class=\"elementor-section-wrap\">\n\t\t\t\t\t\t\t<section class=\"elementor-section elementor-top-section elementor-element elementor-element-c2aab40 elementor-section-boxed elementor-section-height-default elementor-section-height-default\" data-id=\"c2aab40\" data-element_type=\"section\">\n\t\t\t\t\t\t<div class=\"elementor-container elementor-column-gap-default\">\n\t\t\t\t\t\t\t<div class=\"elementor-row\">\n\t\t\t\t\t<div class=\"elementor-column elementor-col-100 elementor-top-column elementor-element elementor-element-0e02fa9\" data-id=\"0e02fa9\" data-element_type=\"column\">\n\t\t\t<div class=\"elementor-column-wrap elementor-element-populated\">\n\t\t\t\t\t\t\t<div class=\"elementor-widget-wrap\">\n\t\t\t\t\t\t<div class=\"elementor-element elementor-element-4be6f2e elementor-widget elementor-widget-text-editor\" data-id=\"4be6f2e\" data-element_type=\"widget\" data-widget_type=\"text-editor.default\">\n\t\t\t\t<div class=\"elementor-widget-container\">\n\t\t\t\t\t<div class=\"elementor-text-editor elementor-clearfix\"><p><span class=\" fc-falcon\">\u00a1<\/span>Bienvenidos al <strong>Blog de Tendencias <a href=\"https:\/\/haircutday.com\">Hair Cut Day<\/a><\/strong>! Con la llegada de la temporada de playa y relax, la depilaci\u00f3n toma protagonismo en el d\u00eda a d\u00eda de muchas personas. Hoy te presento el mejor m\u00e9todo de depilaci\u00f3n definitiva, con el que lucir\u00e1s una piel reluciente a donde quiera que vayas.<\/p><\/div>\n\t\t\t\t<\/div>\n\t\t\t\t<\/div>\n\t\t\t\t\t\t<\/div>\n\t\t\t\t\t<\/div>\n\t\t<\/div>\n\t\t\t\t\t\t\t\t<\/div>\n\t\t\t\t\t<\/div>\n\t\t<\/section>\n\t\t\t\t<section class=\"elementor-section elementor-top-section elementor-element elementor-element-5a2b5e8 elementor-section-boxed elementor-section-height-default elementor-section-height-default\" data-id=\"5a2b5e8\" data-element_type=\"section\">\n\t\t\t\t\t\t<div class=\"elementor-container elementor-column-gap-default\">\n\t\t\t\t\t\t\t<div class=\"elementor-row\">\n\t\t\t\t\t<div class=\"elementor-column elementor-col-100 elementor-top-column elementor-element elementor-element-ec49ccc\" data-id=\"ec49ccc\" data-element_type=\"column\">\n\t\t\t<div class=\"elementor-column-wrap elementor-element-populated\">\n\t\t\t\t\t\t\t<div class=\"elementor-widget-wrap\">\n\t\t\t\t\t\t<div class=\"elementor-element elementor-element-d350a31 elementor-widget elementor-widget-image\" data-id=\"d350a31\" data-element_type=\"widget\" data-widget_type=\"image.default\">\n\t\t\t\t<div class=\"elementor-widget-container\">\n\t\t\t\t\t<div class=\"elementor-image\">\n\t\t\t\t\t\t\t\t\t\t<img width=\"300\" height=\"300\" src=\"https:\/\/haircutday.com\/b\/wp-content\/uploads\/2024\/05\/fotos-blogs5-300x300.png\" class=\"attachment-medium size-medium\" alt=\"\" loading=\"lazy\" srcset=\"https:\/\/haircutday.com\/b\/wp-content\/uploads\/2024\/05\/fotos-blogs5-300x300.png 300w, https:\/\/haircutday.com\/b\/wp-content\/uploads\/2024\/05\/fotos-blogs5-1024x1024.png 1024w, https:\/\/haircutday.com\/b\/wp-content\/uploads\/2024\/05\/fotos-blogs5-150x150.png 150w, https:\/\/haircutday.com\/b\/wp-content\/uploads\/2024\/05\/fotos-blogs5-768x768.png 768w, https:\/\/haircutday.com\/b\/wp-content\/uploads\/2024\/05\/fotos-blogs5-800x800.png 800w, https:\/\/haircutday.com\/b\/wp-content\/uploads\/2024\/05\/fotos-blogs5.png 1080w\" sizes=\"(max-width: 300px) 100vw, 300px\" \/>\t\t\t\t\t\t\t\t\t\t\t<\/div>\n\t\t\t\t<\/div>\n\t\t\t\t<\/div>\n\t\t\t\t\t\t<\/div>\n\t\t\t\t\t<\/div>\n\t\t<\/div>\n\t\t\t\t\t\t\t\t<\/div>\n\t\t\t\t\t<\/div>\n\t\t<\/section>\n\t\t\t\t<section class=\"elementor-section elementor-top-section elementor-element elementor-element-440f3f9 elementor-section-boxed elementor-section-height-default elementor-section-height-default\" data-id=\"440f3f9\" data-element_type=\"section\">\n\t\t\t\t\t\t<div class=\"elementor-container elementor-column-gap-default\">\n\t\t\t\t\t\t\t<div class=\"elementor-row\">\n\t\t\t\t\t<div class=\"elementor-column elementor-col-100 elementor-top-column elementor-element elementor-element-132db79\" data-id=\"132db79\" data-element_type=\"column\">\n\t\t\t<div class=\"elementor-column-wrap elementor-element-populated\">\n\t\t\t\t\t\t\t<div class=\"elementor-widget-wrap\">\n\t\t\t\t\t\t<div class=\"elementor-element elementor-element-de04146 elementor-widget elementor-widget-heading\" data-id=\"de04146\" data-element_type=\"widget\" data-widget_type=\"heading.default\">\n\t\t\t\t<div class=\"elementor-widget-container\">\n\t\t\t<h2 class=\"elementor-heading-title elementor-size-default\">\u00bfQu\u00e9 es el l\u00e1ser de diodo?<\/h2>\t\t<\/div>\n\t\t\t\t<\/div>\n\t\t\t\t\t\t<\/div>\n\t\t\t\t\t<\/div>\n\t\t<\/div>\n\t\t\t\t\t\t\t\t<\/div>\n\t\t\t\t\t<\/div>\n\t\t<\/section>\n\t\t\t\t<section class=\"elementor-section elementor-top-section elementor-element elementor-element-9b759e9 elementor-section-boxed elementor-section-height-default elementor-section-height-default\" data-id=\"9b759e9\" data-element_type=\"section\">\n\t\t\t\t\t\t<div class=\"elementor-container elementor-column-gap-default\">\n\t\t\t\t\t\t\t<div class=\"elementor-row\">\n\t\t\t\t\t<div class=\"elementor-column elementor-col-100 elementor-top-column elementor-element elementor-element-fffe353\" data-id=\"fffe353\" data-element_type=\"column\">\n\t\t\t<div class=\"elementor-column-wrap elementor-element-populated\">\n\t\t\t\t\t\t\t<div class=\"elementor-widget-wrap\">\n\t\t\t\t\t\t<div class=\"elementor-element elementor-element-1fb2b12 elementor-widget elementor-widget-text-editor\" data-id=\"1fb2b12\" data-element_type=\"widget\" data-widget_type=\"text-editor.default\">\n\t\t\t\t<div class=\"elementor-widget-container\">\n\t\t\t\t\t<div class=\"elementor-text-editor elementor-clearfix\"><div class=\"flex flex-grow flex-col max-w-full\"><div class=\"min-h-[20px] text-message flex flex-col items-start whitespace-pre-wrap break-words [.text-message+&amp;]:mt-5 juice:w-full juice:items-end overflow-x-auto gap-2\" dir=\"auto\" data-message-author-role=\"assistant\" data-message-id=\"fbba930c-2257-4520-bb7a-997f3870d22c\"><div class=\"flex w-full flex-col gap-1 juice:empty:hidden juice:first:pt-[3px]\"><div class=\"markdown prose w-full break-words dark:prose-invert light\"><p>El <b>l\u00e1ser de diodo<\/b> es un m\u00e9todo de depilaci\u00f3n con tecnolog\u00eda avanzada que emite una luz altamente concentrada que es absorbida por la melanina del vello. Esta luz se convierte en calor, que a su vez <b>destruye el fol\u00edculo piloso<\/b>, impidiendo as\u00ed el crecimiento del futuro vello sin da\u00f1ar la piel circundante.<\/p><\/div><\/div><\/div><\/div><\/div>\n\t\t\t\t<\/div>\n\t\t\t\t<\/div>\n\t\t\t\t\t\t<\/div>\n\t\t\t\t\t<\/div>\n\t\t<\/div>\n\t\t\t\t\t\t\t\t<\/div>\n\t\t\t\t\t<\/div>\n\t\t<\/section>\n\t\t\t\t<section class=\"elementor-section elementor-top-section elementor-element elementor-element-515f297 elementor-section-boxed elementor-section-height-default elementor-section-height-default\" data-id=\"515f297\" data-element_type=\"section\">\n\t\t\t\t\t\t<div class=\"elementor-container elementor-column-gap-default\">\n\t\t\t\t\t\t\t<div class=\"elementor-row\">\n\t\t\t\t\t<div class=\"elementor-column elementor-col-100 elementor-top-column elementor-element elementor-element-f7eddc4\" data-id=\"f7eddc4\" data-element_type=\"column\">\n\t\t\t<div class=\"elementor-column-wrap elementor-element-populated\">\n\t\t\t\t\t\t\t<div class=\"elementor-widget-wrap\">\n\t\t\t\t\t\t<div class=\"elementor-element elementor-element-e96b992 elementor-widget elementor-widget-text-editor\" data-id=\"e96b992\" data-element_type=\"widget\" data-widget_type=\"text-editor.default\">\n\t\t\t\t<div class=\"elementor-widget-container\">\n\t\t\t\t\t<div class=\"elementor-text-editor elementor-clearfix\"><p>Para los m\u00e1s curiosillos, el l\u00e1ser de diodo se invent\u00f3 en 1962 por el cient\u00edfico<strong> Robert N. Hall<\/strong>, mientras estudiaba los semiconductores durante su carrera. En ese entonces, su uso se basaba principalmente en aplicaciones industriales y cient\u00edficas, como la medicina. Sin embargo, la aplicaci\u00f3n del l\u00e1ser de diodo para depilaci\u00f3n no fue hasta la <b>d\u00e9cada de los 90<\/b>, cuando gan\u00f3 popularidad gracias a su eficacia.<\/p><\/div>\n\t\t\t\t<\/div>\n\t\t\t\t<\/div>\n\t\t\t\t\t\t<\/div>\n\t\t\t\t\t<\/div>\n\t\t<\/div>\n\t\t\t\t\t\t\t\t<\/div>\n\t\t\t\t\t<\/div>\n\t\t<\/section>\n\t\t\t\t<section class=\"elementor-section elementor-top-section elementor-element elementor-element-2107898 elementor-section-boxed elementor-section-height-default elementor-section-height-default\" data-id=\"2107898\" data-element_type=\"section\">\n\t\t\t\t\t\t<div class=\"elementor-container elementor-column-gap-default\">\n\t\t\t\t\t\t\t<div class=\"elementor-row\">\n\t\t\t\t\t<div class=\"elementor-column elementor-col-100 elementor-top-column elementor-element elementor-element-c638745\" data-id=\"c638745\" data-element_type=\"column\">\n\t\t\t<div class=\"elementor-column-wrap elementor-element-populated\">\n\t\t\t\t\t\t\t<div class=\"elementor-widget-wrap\">\n\t\t\t\t\t\t<div class=\"elementor-element elementor-element-59c2822 elementor-widget elementor-widget-image\" data-id=\"59c2822\" data-element_type=\"widget\" data-widget_type=\"image.default\">\n\t\t\t\t<div class=\"elementor-widget-container\">\n\t\t\t\t\t<div class=\"elementor-image\">\n\t\t\t\t\t\t\t<figure class=\"wp-caption\">\n\t\t\t\t\t\t\t\t\t\t<img width=\"300\" height=\"300\" src=\"https:\/\/haircutday.com\/b\/wp-content\/uploads\/2024\/05\/fotos-blogs4-300x300.png\" class=\"attachment-medium size-medium\" alt=\"\" loading=\"lazy\" srcset=\"https:\/\/haircutday.com\/b\/wp-content\/uploads\/2024\/05\/fotos-blogs4-300x300.png 300w, https:\/\/haircutday.com\/b\/wp-content\/uploads\/2024\/05\/fotos-blogs4-1024x1024.png 1024w, https:\/\/haircutday.com\/b\/wp-content\/uploads\/2024\/05\/fotos-blogs4-150x150.png 150w, https:\/\/haircutday.com\/b\/wp-content\/uploads\/2024\/05\/fotos-blogs4-768x768.png 768w, https:\/\/haircutday.com\/b\/wp-content\/uploads\/2024\/05\/fotos-blogs4-800x800.png 800w, https:\/\/haircutday.com\/b\/wp-content\/uploads\/2024\/05\/fotos-blogs4.png 1080w\" sizes=\"(max-width: 300px) 100vw, 300px\" \/>\t\t\t\t\t\t\t\t\t\t\t<figcaption class=\"widget-image-caption wp-caption-text\">Primer l\u00e1ser de diodo en 1962<\/figcaption>\n\t\t\t\t\t\t\t\t\t\t<\/figure>\n\t\t\t\t\t<\/div>\n\t\t\t\t<\/div>\n\t\t\t\t<\/div>\n\t\t\t\t\t\t<\/div>\n\t\t\t\t\t<\/div>\n\t\t<\/div>\n\t\t\t\t\t\t\t\t<\/div>\n\t\t\t\t\t<\/div>\n\t\t<\/section>\n\t\t\t\t<section class=\"elementor-section elementor-top-section elementor-element elementor-element-18b4ac2 elementor-section-boxed elementor-section-height-default elementor-section-height-default\" data-id=\"18b4ac2\" data-element_type=\"section\">\n\t\t\t\t\t\t<div class=\"elementor-container elementor-column-gap-default\">\n\t\t\t\t\t\t\t<div class=\"elementor-row\">\n\t\t\t\t\t<div class=\"elementor-column elementor-col-100 elementor-top-column elementor-element elementor-element-3f11eb0\" data-id=\"3f11eb0\" data-element_type=\"column\">\n\t\t\t<div class=\"elementor-column-wrap elementor-element-populated\">\n\t\t\t\t\t\t\t<div class=\"elementor-widget-wrap\">\n\t\t\t\t\t\t<div class=\"elementor-element elementor-element-1316313 elementor-widget elementor-widget-heading\" data-id=\"1316313\" data-element_type=\"widget\" data-widget_type=\"heading.default\">\n\t\t\t\t<div class=\"elementor-widget-container\">\n\t\t\t<h2 class=\"elementor-heading-title elementor-size-default\">\u00bfEs dolorosa la depilaci\u00f3n con l\u00e1ser de diodo?<\/h2>\t\t<\/div>\n\t\t\t\t<\/div>\n\t\t\t\t\t\t<\/div>\n\t\t\t\t\t<\/div>\n\t\t<\/div>\n\t\t\t\t\t\t\t\t<\/div>\n\t\t\t\t\t<\/div>\n\t\t<\/section>\n\t\t\t\t<section class=\"elementor-section elementor-top-section elementor-element elementor-element-69deb5b elementor-section-boxed elementor-section-height-default elementor-section-height-default\" data-id=\"69deb5b\" data-element_type=\"section\">\n\t\t\t\t\t\t<div class=\"elementor-container elementor-column-gap-default\">\n\t\t\t\t\t\t\t<div class=\"elementor-row\">\n\t\t\t\t\t<div class=\"elementor-column elementor-col-100 elementor-top-column elementor-element elementor-element-e2eecce\" data-id=\"e2eecce\" data-element_type=\"column\">\n\t\t\t<div class=\"elementor-column-wrap elementor-element-populated\">\n\t\t\t\t\t\t\t<div class=\"elementor-widget-wrap\">\n\t\t\t\t\t\t<div class=\"elementor-element elementor-element-914bcb7 elementor-widget elementor-widget-text-editor\" data-id=\"914bcb7\" data-element_type=\"widget\" data-widget_type=\"text-editor.default\">\n\t\t\t\t<div class=\"elementor-widget-container\">\n\t\t\t\t\t<div class=\"elementor-text-editor elementor-clearfix\"><p>Realmente no. Durante el tratamiento puedes sentir una <strong>leve sensaci\u00f3n de calor<\/strong>, pero es much\u00edsimo menos doloroso que la cera u otros m\u00e9todos de depilaci\u00f3n. Este dispositivo est\u00e1 equipado con un <b>sistema de enfriamiento<\/b> que ayuda a reducir el malestar durante el procedimiento.<\/p><\/div>\n\t\t\t\t<\/div>\n\t\t\t\t<\/div>\n\t\t\t\t\t\t<\/div>\n\t\t\t\t\t<\/div>\n\t\t<\/div>\n\t\t\t\t\t\t\t\t<\/div>\n\t\t\t\t\t<\/div>\n\t\t<\/section>\n\t\t\t\t<section class=\"elementor-section elementor-top-section elementor-element elementor-element-6fc96bb elementor-section-boxed elementor-section-height-default elementor-section-height-default\" data-id=\"6fc96bb\" data-element_type=\"section\">\n\t\t\t\t\t\t<div class=\"elementor-container elementor-column-gap-default\">\n\t\t\t\t\t\t\t<div class=\"elementor-row\">\n\t\t\t\t\t<div class=\"elementor-column elementor-col-100 elementor-top-column elementor-element elementor-element-ae5caa4\" data-id=\"ae5caa4\" data-element_type=\"column\">\n\t\t\t<div class=\"elementor-column-wrap elementor-element-populated\">\n\t\t\t\t\t\t\t<div class=\"elementor-widget-wrap\">\n\t\t\t\t\t\t<div class=\"elementor-element elementor-element-dd937c3 elementor-widget elementor-widget-text-editor\" data-id=\"dd937c3\" data-element_type=\"widget\" data-widget_type=\"text-editor.default\">\n\t\t\t\t<div class=\"elementor-widget-container\">\n\t\t\t\t\t<div class=\"elementor-text-editor elementor-clearfix\"><p>Es ideal para tratar las <strong>\u00e1reas m\u00e1s delicadas<\/strong>, como el rostro o la zona del bikini (ingles y axilas). El l\u00e1ser diodo se ajusta a tu piel para proporcionarte un tratamiento c\u00f3modo y sin dolor.<\/p><\/div>\n\t\t\t\t<\/div>\n\t\t\t\t<\/div>\n\t\t\t\t\t\t<\/div>\n\t\t\t\t\t<\/div>\n\t\t<\/div>\n\t\t\t\t\t\t\t\t<\/div>\n\t\t\t\t\t<\/div>\n\t\t<\/section>\n\t\t\t\t<section class=\"elementor-section elementor-top-section elementor-element elementor-element-f51c364 elementor-section-boxed elementor-section-height-default elementor-section-height-default\" data-id=\"f51c364\" data-element_type=\"section\">\n\t\t\t\t\t\t<div class=\"elementor-container elementor-column-gap-default\">\n\t\t\t\t\t\t\t<div class=\"elementor-row\">\n\t\t\t\t\t<div class=\"elementor-column elementor-col-100 elementor-top-column elementor-element elementor-element-86d0ef0\" data-id=\"86d0ef0\" data-element_type=\"column\">\n\t\t\t<div class=\"elementor-column-wrap elementor-element-populated\">\n\t\t\t\t\t\t\t<div class=\"elementor-widget-wrap\">\n\t\t\t\t\t\t<div class=\"elementor-element elementor-element-7c32078 elementor-widget elementor-widget-image\" data-id=\"7c32078\" data-element_type=\"widget\" data-widget_type=\"image.default\">\n\t\t\t\t<div class=\"elementor-widget-container\">\n\t\t\t\t\t<div class=\"elementor-image\">\n\t\t\t\t\t\t\t\t\t\t<img width=\"300\" height=\"300\" src=\"https:\/\/haircutday.com\/b\/wp-content\/uploads\/2024\/05\/fotos-blogs9-300x300.png\" class=\"attachment-medium size-medium\" alt=\"\" loading=\"lazy\" srcset=\"https:\/\/haircutday.com\/b\/wp-content\/uploads\/2024\/05\/fotos-blogs9-300x300.png 300w, https:\/\/haircutday.com\/b\/wp-content\/uploads\/2024\/05\/fotos-blogs9-1024x1024.png 1024w, https:\/\/haircutday.com\/b\/wp-content\/uploads\/2024\/05\/fotos-blogs9-150x150.png 150w, https:\/\/haircutday.com\/b\/wp-content\/uploads\/2024\/05\/fotos-blogs9-768x768.png 768w, https:\/\/haircutday.com\/b\/wp-content\/uploads\/2024\/05\/fotos-blogs9-800x800.png 800w, https:\/\/haircutday.com\/b\/wp-content\/uploads\/2024\/05\/fotos-blogs9.png 1080w\" sizes=\"(max-width: 300px) 100vw, 300px\" \/>\t\t\t\t\t\t\t\t\t\t\t<\/div>\n\t\t\t\t<\/div>\n\t\t\t\t<\/div>\n\t\t\t\t\t\t<\/div>\n\t\t\t\t\t<\/div>\n\t\t<\/div>\n\t\t\t\t\t\t\t\t<\/div>\n\t\t\t\t\t<\/div>\n\t\t<\/section>\n\t\t\t\t<section class=\"elementor-section elementor-top-section elementor-element elementor-element-7b5ddfc elementor-section-boxed elementor-section-height-default elementor-section-height-default\" data-id=\"7b5ddfc\" data-element_type=\"section\">\n\t\t\t\t\t\t<div class=\"elementor-container elementor-column-gap-default\">\n\t\t\t\t\t\t\t<div class=\"elementor-row\">\n\t\t\t\t\t<div class=\"elementor-column elementor-col-100 elementor-top-column elementor-element elementor-element-d46d406\" data-id=\"d46d406\" data-element_type=\"column\">\n\t\t\t<div class=\"elementor-column-wrap elementor-element-populated\">\n\t\t\t\t\t\t\t<div class=\"elementor-widget-wrap\">\n\t\t\t\t\t\t<div class=\"elementor-element elementor-element-b82bdd1 elementor-widget elementor-widget-heading\" data-id=\"b82bdd1\" data-element_type=\"widget\" data-widget_type=\"heading.default\">\n\t\t\t\t<div class=\"elementor-widget-container\">\n\t\t\t<h2 class=\"elementor-heading-title elementor-size-default\">\u00bfCu\u00e1ntas sesiones son necesarias?<\/h2>\t\t<\/div>\n\t\t\t\t<\/div>\n\t\t\t\t\t\t<\/div>\n\t\t\t\t\t<\/div>\n\t\t<\/div>\n\t\t\t\t\t\t\t\t<\/div>\n\t\t\t\t\t<\/div>\n\t\t<\/section>\n\t\t\t\t<section class=\"elementor-section elementor-top-section elementor-element elementor-element-7695a85 elementor-section-boxed elementor-section-height-default elementor-section-height-default\" data-id=\"7695a85\" data-element_type=\"section\">\n\t\t\t\t\t\t<div class=\"elementor-container elementor-column-gap-default\">\n\t\t\t\t\t\t\t<div class=\"elementor-row\">\n\t\t\t\t\t<div class=\"elementor-column elementor-col-100 elementor-top-column elementor-element elementor-element-14961e1\" data-id=\"14961e1\" data-element_type=\"column\">\n\t\t\t<div class=\"elementor-column-wrap elementor-element-populated\">\n\t\t\t\t\t\t\t<div class=\"elementor-widget-wrap\">\n\t\t\t\t\t\t<div class=\"elementor-element elementor-element-c1670cb elementor-widget elementor-widget-text-editor\" data-id=\"c1670cb\" data-element_type=\"widget\" data-widget_type=\"text-editor.default\">\n\t\t\t\t<div class=\"elementor-widget-container\">\n\t\t\t\t\t<div class=\"elementor-text-editor elementor-clearfix\"><p>En general, para lograr resultados permanentes recomendamos un promedio de entre <strong>6 a 8 sesiones<\/strong>. Sin embargo, este n\u00famero puede variar seg\u00fan el metabolismo y\u00a0 el tipo de piel de cada uno.<\/p><\/div>\n\t\t\t\t<\/div>\n\t\t\t\t<\/div>\n\t\t\t\t\t\t<\/div>\n\t\t\t\t\t<\/div>\n\t\t<\/div>\n\t\t\t\t\t\t\t\t<\/div>\n\t\t\t\t\t<\/div>\n\t\t<\/section>\n\t\t\t\t<section class=\"elementor-section elementor-top-section elementor-element elementor-element-da70ed4 elementor-section-boxed elementor-section-height-default elementor-section-height-default\" data-id=\"da70ed4\" data-element_type=\"section\">\n\t\t\t\t\t\t<div class=\"elementor-container elementor-column-gap-default\">\n\t\t\t\t\t\t\t<div class=\"elementor-row\">\n\t\t\t\t\t<div class=\"elementor-column elementor-col-100 elementor-top-column elementor-element elementor-element-805d3d5\" data-id=\"805d3d5\" data-element_type=\"column\">\n\t\t\t<div class=\"elementor-column-wrap elementor-element-populated\">\n\t\t\t\t\t\t\t<div class=\"elementor-widget-wrap\">\n\t\t\t\t\t\t<div class=\"elementor-element elementor-element-009ce07 elementor-widget elementor-widget-text-editor\" data-id=\"009ce07\" data-element_type=\"widget\" data-widget_type=\"text-editor.default\">\n\t\t\t\t<div class=\"elementor-widget-container\">\n\t\t\t\t\t<div class=\"elementor-text-editor elementor-clearfix\"><p>Eso s\u00ed, desde la primera sesi\u00f3n el l\u00e1ser de diodo combate la foliculitis y mejora la textura de tu piel, ya que <b>disminuye los poros dilatados<\/b>, aportando as\u00ed esa suavidad extra a tu piel.<\/p><\/div>\n\t\t\t\t<\/div>\n\t\t\t\t<\/div>\n\t\t\t\t\t\t<\/div>\n\t\t\t\t\t<\/div>\n\t\t<\/div>\n\t\t\t\t\t\t\t\t<\/div>\n\t\t\t\t\t<\/div>\n\t\t<\/section>\n\t\t\t\t<section class=\"elementor-section elementor-top-section elementor-element elementor-element-b6090c8 elementor-section-boxed elementor-section-height-default elementor-section-height-default\" data-id=\"b6090c8\" data-element_type=\"section\">\n\t\t\t\t\t\t<div class=\"elementor-container elementor-column-gap-default\">\n\t\t\t\t\t\t\t<div class=\"elementor-row\">\n\t\t\t\t\t<div class=\"elementor-column elementor-col-100 elementor-top-column elementor-element elementor-element-4d828c5\" data-id=\"4d828c5\" data-element_type=\"column\">\n\t\t\t<div class=\"elementor-column-wrap elementor-element-populated\">\n\t\t\t\t\t\t\t<div class=\"elementor-widget-wrap\">\n\t\t\t\t\t\t<div class=\"elementor-element elementor-element-60803d4 elementor-widget elementor-widget-image\" data-id=\"60803d4\" data-element_type=\"widget\" data-widget_type=\"image.default\">\n\t\t\t\t<div class=\"elementor-widget-container\">\n\t\t\t\t\t<div class=\"elementor-image\">\n\t\t\t\t\t\t\t\t\t\t<img width=\"300\" height=\"300\" src=\"https:\/\/haircutday.com\/b\/wp-content\/uploads\/2024\/05\/fotos-blogs3-300x300.png\" class=\"attachment-medium size-medium\" alt=\"\" loading=\"lazy\" srcset=\"https:\/\/haircutday.com\/b\/wp-content\/uploads\/2024\/05\/fotos-blogs3-300x300.png 300w, https:\/\/haircutday.com\/b\/wp-content\/uploads\/2024\/05\/fotos-blogs3-1024x1024.png 1024w, https:\/\/haircutday.com\/b\/wp-content\/uploads\/2024\/05\/fotos-blogs3-150x150.png 150w, https:\/\/haircutday.com\/b\/wp-content\/uploads\/2024\/05\/fotos-blogs3-768x768.png 768w, https:\/\/haircutday.com\/b\/wp-content\/uploads\/2024\/05\/fotos-blogs3-800x800.png 800w, https:\/\/haircutday.com\/b\/wp-content\/uploads\/2024\/05\/fotos-blogs3.png 1080w\" sizes=\"(max-width: 300px) 100vw, 300px\" \/>\t\t\t\t\t\t\t\t\t\t\t<\/div>\n\t\t\t\t<\/div>\n\t\t\t\t<\/div>\n\t\t\t\t\t\t<\/div>\n\t\t\t\t\t<\/div>\n\t\t<\/div>\n\t\t\t\t\t\t\t\t<\/div>\n\t\t\t\t\t<\/div>\n\t\t<\/section>\n\t\t\t\t<section class=\"elementor-section elementor-top-section elementor-element elementor-element-6e7cdea elementor-section-boxed elementor-section-height-default elementor-section-height-default\" data-id=\"6e7cdea\" data-element_type=\"section\">\n\t\t\t\t\t\t<div class=\"elementor-container elementor-column-gap-default\">\n\t\t\t\t\t\t\t<div class=\"elementor-row\">\n\t\t\t\t\t<div class=\"elementor-column elementor-col-100 elementor-top-column elementor-element elementor-element-535aa2f\" data-id=\"535aa2f\" data-element_type=\"column\">\n\t\t\t<div class=\"elementor-column-wrap elementor-element-populated\">\n\t\t\t\t\t\t\t<div class=\"elementor-widget-wrap\">\n\t\t\t\t\t\t<div class=\"elementor-element elementor-element-33b088e elementor-widget elementor-widget-text-editor\" data-id=\"33b088e\" data-element_type=\"widget\" data-widget_type=\"text-editor.default\">\n\t\t\t\t<div class=\"elementor-widget-container\">\n\t\t\t\t\t<div class=\"elementor-text-editor elementor-clearfix\"><p>Es importante saber que los <strong>niveles hormonales<\/strong> toman un papel crucial en el crecimiento del pelo. Cada persona tiene un <strong>metabolismo \u00fanico<\/strong>, y esto influye a c\u00f3mo su cuerpo responde ante este tipo de tratamientos. Por ello, las personas que experimentan un crecimiento del vello m\u00e1s lento requieren menos sesiones, mientras que otras pueden necesitar m\u00e1s sesiones debido a un crecimiento m\u00e1s r\u00e1pido del vello.<\/p><\/div>\n\t\t\t\t<\/div>\n\t\t\t\t<\/div>\n\t\t\t\t\t\t<\/div>\n\t\t\t\t\t<\/div>\n\t\t<\/div>\n\t\t\t\t\t\t\t\t<\/div>\n\t\t\t\t\t<\/div>\n\t\t<\/section>\n\t\t\t\t<section class=\"elementor-section elementor-top-section elementor-element elementor-element-eec70fa elementor-section-boxed elementor-section-height-default elementor-section-height-default\" data-id=\"eec70fa\" data-element_type=\"section\">\n\t\t\t\t\t\t<div class=\"elementor-container elementor-column-gap-default\">\n\t\t\t\t\t\t\t<div class=\"elementor-row\">\n\t\t\t\t\t<div class=\"elementor-column elementor-col-100 elementor-top-column elementor-element elementor-element-984fb55\" data-id=\"984fb55\" data-element_type=\"column\">\n\t\t\t<div class=\"elementor-column-wrap elementor-element-populated\">\n\t\t\t\t\t\t\t<div class=\"elementor-widget-wrap\">\n\t\t\t\t\t\t<div class=\"elementor-element elementor-element-600c1e0 elementor-widget elementor-widget-heading\" data-id=\"600c1e0\" data-element_type=\"widget\" data-widget_type=\"heading.default\">\n\t\t\t\t<div class=\"elementor-widget-container\">\n\t\t\t<h2 class=\"elementor-heading-title elementor-size-default\">\u00bfEl l\u00e1ser de diodo es apto para todo tipo de pieles?<\/h2>\t\t<\/div>\n\t\t\t\t<\/div>\n\t\t\t\t\t\t<\/div>\n\t\t\t\t\t<\/div>\n\t\t<\/div>\n\t\t\t\t\t\t\t\t<\/div>\n\t\t\t\t\t<\/div>\n\t\t<\/section>\n\t\t\t\t<section class=\"elementor-section elementor-top-section elementor-element elementor-element-82425f1 elementor-section-boxed elementor-section-height-default elementor-section-height-default\" data-id=\"82425f1\" data-element_type=\"section\">\n\t\t\t\t\t\t<div class=\"elementor-container elementor-column-gap-default\">\n\t\t\t\t\t\t\t<div class=\"elementor-row\">\n\t\t\t\t\t<div class=\"elementor-column elementor-col-100 elementor-top-column elementor-element elementor-element-6310075\" data-id=\"6310075\" data-element_type=\"column\">\n\t\t\t<div class=\"elementor-column-wrap elementor-element-populated\">\n\t\t\t\t\t\t\t<div class=\"elementor-widget-wrap\">\n\t\t\t\t\t\t<div class=\"elementor-element elementor-element-68edb67 elementor-widget elementor-widget-text-editor\" data-id=\"68edb67\" data-element_type=\"widget\" data-widget_type=\"text-editor.default\">\n\t\t\t\t<div class=\"elementor-widget-container\">\n\t\t\t\t\t<div class=\"elementor-text-editor elementor-clearfix\"><p>Existe la creencia de que el contraste entre el pigmento de la piel y el vello hace m\u00e1s efectiva la depilaci\u00f3n l\u00e1ser, ya que &#8220;act\u00faa con m\u00e1s precisi\u00f3n ante los fol\u00edculos pilosos&#8221;. <strong>La realidad es otra.<\/strong> Resulta que el sistema del l\u00e1ser de diodo ya utiliza longitudes de onda espec\u00edficas y ajustes de energ\u00eda para adaptarse a diferentes tipos de piel y vello, asegurando as\u00ed su eficacia.<\/p><\/div>\n\t\t\t\t<\/div>\n\t\t\t\t<\/div>\n\t\t\t\t\t\t<\/div>\n\t\t\t\t\t<\/div>\n\t\t<\/div>\n\t\t\t\t\t\t\t\t<\/div>\n\t\t\t\t\t<\/div>\n\t\t<\/section>\n\t\t\t\t<section class=\"elementor-section elementor-top-section elementor-element elementor-element-3c860eb elementor-section-boxed elementor-section-height-default elementor-section-height-default\" data-id=\"3c860eb\" data-element_type=\"section\">\n\t\t\t\t\t\t<div class=\"elementor-container elementor-column-gap-default\">\n\t\t\t\t\t\t\t<div class=\"elementor-row\">\n\t\t\t\t\t<div class=\"elementor-column elementor-col-100 elementor-top-column elementor-element elementor-element-3b9bb00\" data-id=\"3b9bb00\" data-element_type=\"column\">\n\t\t\t<div class=\"elementor-column-wrap elementor-element-populated\">\n\t\t\t\t\t\t\t<div class=\"elementor-widget-wrap\">\n\t\t\t\t\t\t<div class=\"elementor-element elementor-element-9c7189c elementor-widget elementor-widget-image\" data-id=\"9c7189c\" data-element_type=\"widget\" data-widget_type=\"image.default\">\n\t\t\t\t<div class=\"elementor-widget-container\">\n\t\t\t\t\t<div class=\"elementor-image\">\n\t\t\t\t\t\t\t\t\t\t<img width=\"300\" height=\"300\" src=\"https:\/\/haircutday.com\/b\/wp-content\/uploads\/2024\/05\/fotos-blogs11-300x300.png\" class=\"attachment-medium size-medium\" alt=\"\" loading=\"lazy\" srcset=\"https:\/\/haircutday.com\/b\/wp-content\/uploads\/2024\/05\/fotos-blogs11-300x300.png 300w, https:\/\/haircutday.com\/b\/wp-content\/uploads\/2024\/05\/fotos-blogs11-1024x1024.png 1024w, https:\/\/haircutday.com\/b\/wp-content\/uploads\/2024\/05\/fotos-blogs11-150x150.png 150w, https:\/\/haircutday.com\/b\/wp-content\/uploads\/2024\/05\/fotos-blogs11-768x768.png 768w, https:\/\/haircutday.com\/b\/wp-content\/uploads\/2024\/05\/fotos-blogs11-800x800.png 800w, https:\/\/haircutday.com\/b\/wp-content\/uploads\/2024\/05\/fotos-blogs11.png 1080w\" sizes=\"(max-width: 300px) 100vw, 300px\" \/>\t\t\t\t\t\t\t\t\t\t\t<\/div>\n\t\t\t\t<\/div>\n\t\t\t\t<\/div>\n\t\t\t\t\t\t<\/div>\n\t\t\t\t\t<\/div>\n\t\t<\/div>\n\t\t\t\t\t\t\t\t<\/div>\n\t\t\t\t\t<\/div>\n\t\t<\/section>\n\t\t\t\t<section class=\"elementor-section elementor-top-section elementor-element elementor-element-9a00c2e elementor-section-boxed elementor-section-height-default elementor-section-height-default\" data-id=\"9a00c2e\" data-element_type=\"section\">\n\t\t\t\t\t\t<div class=\"elementor-container elementor-column-gap-default\">\n\t\t\t\t\t\t\t<div class=\"elementor-row\">\n\t\t\t\t\t<div class=\"elementor-column elementor-col-100 elementor-top-column elementor-element elementor-element-d23c315\" data-id=\"d23c315\" data-element_type=\"column\">\n\t\t\t<div class=\"elementor-column-wrap elementor-element-populated\">\n\t\t\t\t\t\t\t<div class=\"elementor-widget-wrap\">\n\t\t\t\t\t\t<div class=\"elementor-element elementor-element-a4dbeb7 elementor-widget elementor-widget-text-editor\" data-id=\"a4dbeb7\" data-element_type=\"widget\" data-widget_type=\"text-editor.default\">\n\t\t\t\t<div class=\"elementor-widget-container\">\n\t\t\t\t\t<div class=\"elementor-text-editor elementor-clearfix\"><p>Por otro lado, si tu piel es <b>seca <\/b>o <b>at\u00f3pica <\/b>s\u00ed<b> <\/b>puedes someterte al tratamiento l\u00e1ser de diodo, siempre y cuando te asegures de mantener tu piel bien hidratada al menos una semana previa al tratamiento.<\/p><\/div>\n\t\t\t\t<\/div>\n\t\t\t\t<\/div>\n\t\t\t\t\t\t<\/div>\n\t\t\t\t\t<\/div>\n\t\t<\/div>\n\t\t\t\t\t\t\t\t<\/div>\n\t\t\t\t\t<\/div>\n\t\t<\/section>\n\t\t\t\t<section class=\"elementor-section elementor-top-section elementor-element elementor-element-6010e33 elementor-section-boxed elementor-section-height-default elementor-section-height-default\" data-id=\"6010e33\" data-element_type=\"section\">\n\t\t\t\t\t\t<div class=\"elementor-container elementor-column-gap-default\">\n\t\t\t\t\t\t\t<div class=\"elementor-row\">\n\t\t\t\t\t<div class=\"elementor-column elementor-col-100 elementor-top-column elementor-element elementor-element-820d694\" data-id=\"820d694\" data-element_type=\"column\">\n\t\t\t<div class=\"elementor-column-wrap elementor-element-populated\">\n\t\t\t\t\t\t\t<div class=\"elementor-widget-wrap\">\n\t\t\t\t\t\t<div class=\"elementor-element elementor-element-1d65d0b elementor-widget elementor-widget-text-editor\" data-id=\"1d65d0b\" data-element_type=\"widget\" data-widget_type=\"text-editor.default\">\n\t\t\t\t<div class=\"elementor-widget-container\">\n\t\t\t\t\t<div class=\"elementor-text-editor elementor-clearfix\"><p>Sin embargo, debes evitar tratar una zona con tatuajes, ya que puede afectar al pigmento de este. Y si la piel a tratar tiene heridas o bien irritaciones, debes esperar a que se cure al completo para no correr riesgos.<\/p><\/div>\n\t\t\t\t<\/div>\n\t\t\t\t<\/div>\n\t\t\t\t\t\t<\/div>\n\t\t\t\t\t<\/div>\n\t\t<\/div>\n\t\t\t\t\t\t\t\t<\/div>\n\t\t\t\t\t<\/div>\n\t\t<\/section>\n\t\t\t\t<section class=\"elementor-section elementor-top-section elementor-element elementor-element-d1ccaee elementor-section-boxed elementor-section-height-default elementor-section-height-default\" data-id=\"d1ccaee\" data-element_type=\"section\">\n\t\t\t\t\t\t<div class=\"elementor-container elementor-column-gap-default\">\n\t\t\t\t\t\t\t<div class=\"elementor-row\">\n\t\t\t\t\t<div class=\"elementor-column elementor-col-100 elementor-top-column elementor-element elementor-element-cafe90a\" data-id=\"cafe90a\" data-element_type=\"column\">\n\t\t\t<div class=\"elementor-column-wrap elementor-element-populated\">\n\t\t\t\t\t\t\t<div class=\"elementor-widget-wrap\">\n\t\t\t\t\t\t<div class=\"elementor-element elementor-element-76f889f elementor-widget elementor-widget-text-editor\" data-id=\"76f889f\" data-element_type=\"widget\" data-widget_type=\"text-editor.default\">\n\t\t\t\t<div class=\"elementor-widget-container\">\n\t\t\t\t\t<div class=\"elementor-text-editor elementor-clearfix\"><p><strong>No dudes en informar a la profesional\u00a0<\/strong> sobre cualquier duda o condici\u00f3n de la piel que puedas tener para determinar si el tratamiento con l\u00e1ser de diodo es adecuado para ti.<\/p><\/div>\n\t\t\t\t<\/div>\n\t\t\t\t<\/div>\n\t\t\t\t\t\t<\/div>\n\t\t\t\t\t<\/div>\n\t\t<\/div>\n\t\t\t\t\t\t\t\t<\/div>\n\t\t\t\t\t<\/div>\n\t\t<\/section>\n\t\t\t\t<section class=\"elementor-section elementor-top-section elementor-element elementor-element-b8843ef elementor-section-boxed elementor-section-height-default elementor-section-height-default\" data-id=\"b8843ef\" data-element_type=\"section\">\n\t\t\t\t\t\t<div class=\"elementor-container elementor-column-gap-default\">\n\t\t\t\t\t\t\t<div class=\"elementor-row\">\n\t\t\t\t\t<div class=\"elementor-column elementor-col-100 elementor-top-column elementor-element elementor-element-3ad44df\" data-id=\"3ad44df\" data-element_type=\"column\">\n\t\t\t<div class=\"elementor-column-wrap elementor-element-populated\">\n\t\t\t\t\t\t\t<div class=\"elementor-widget-wrap\">\n\t\t\t\t\t\t<div class=\"elementor-element elementor-element-0452b3b elementor-widget elementor-widget-image\" data-id=\"0452b3b\" data-element_type=\"widget\" data-widget_type=\"image.default\">\n\t\t\t\t<div class=\"elementor-widget-container\">\n\t\t\t\t\t<div class=\"elementor-image\">\n\t\t\t\t\t\t\t\t\t\t<img width=\"300\" height=\"200\" src=\"https:\/\/haircutday.com\/b\/wp-content\/uploads\/2019\/03\/Imagen-de-WhatsApp-2024-05-13-a-las-12.33.34_66798aae-300x200.jpg\" class=\"attachment-medium size-medium\" alt=\"\" loading=\"lazy\" srcset=\"https:\/\/haircutday.com\/b\/wp-content\/uploads\/2019\/03\/Imagen-de-WhatsApp-2024-05-13-a-las-12.33.34_66798aae-300x200.jpg 300w, https:\/\/haircutday.com\/b\/wp-content\/uploads\/2019\/03\/Imagen-de-WhatsApp-2024-05-13-a-las-12.33.34_66798aae-1024x683.jpg 1024w, https:\/\/haircutday.com\/b\/wp-content\/uploads\/2019\/03\/Imagen-de-WhatsApp-2024-05-13-a-las-12.33.34_66798aae-768x512.jpg 768w, https:\/\/haircutday.com\/b\/wp-content\/uploads\/2019\/03\/Imagen-de-WhatsApp-2024-05-13-a-las-12.33.34_66798aae-1536x1025.jpg 1536w, https:\/\/haircutday.com\/b\/wp-content\/uploads\/2019\/03\/Imagen-de-WhatsApp-2024-05-13-a-las-12.33.34_66798aae.jpg 2048w\" sizes=\"(max-width: 300px) 100vw, 300px\" \/>\t\t\t\t\t\t\t\t\t\t\t<\/div>\n\t\t\t\t<\/div>\n\t\t\t\t<\/div>\n\t\t\t\t\t\t<\/div>\n\t\t\t\t\t<\/div>\n\t\t<\/div>\n\t\t\t\t\t\t\t\t<\/div>\n\t\t\t\t\t<\/div>\n\t\t<\/section>\n\t\t\t\t<section class=\"elementor-section elementor-top-section elementor-element elementor-element-0ca312f elementor-section-boxed elementor-section-height-default elementor-section-height-default\" data-id=\"0ca312f\" data-element_type=\"section\">\n\t\t\t\t\t\t<div class=\"elementor-container elementor-column-gap-default\">\n\t\t\t\t\t\t\t<div class=\"elementor-row\">\n\t\t\t\t\t<div class=\"elementor-column elementor-col-100 elementor-top-column elementor-element elementor-element-f0352d8\" data-id=\"f0352d8\" data-element_type=\"column\">\n\t\t\t<div class=\"elementor-column-wrap elementor-element-populated\">\n\t\t\t\t\t\t\t<div class=\"elementor-widget-wrap\">\n\t\t\t\t\t\t<div class=\"elementor-element elementor-element-c6b5595 elementor-widget elementor-widget-heading\" data-id=\"c6b5595\" data-element_type=\"widget\" data-widget_type=\"heading.default\">\n\t\t\t\t<div class=\"elementor-widget-container\">\n\t\t\t<h2 class=\"elementor-heading-title elementor-size-default\">\u00bfQu\u00e9 cuidados debo tener antes y despu\u00e9s del tratamiento l\u00e1ser?<\/h2>\t\t<\/div>\n\t\t\t\t<\/div>\n\t\t\t\t\t\t<\/div>\n\t\t\t\t\t<\/div>\n\t\t<\/div>\n\t\t\t\t\t\t\t\t<\/div>\n\t\t\t\t\t<\/div>\n\t\t<\/section>\n\t\t\t\t<section class=\"elementor-section elementor-top-section elementor-element elementor-element-8c6c196 elementor-section-boxed elementor-section-height-default elementor-section-height-default\" data-id=\"8c6c196\" data-element_type=\"section\">\n\t\t\t\t\t\t<div class=\"elementor-container elementor-column-gap-default\">\n\t\t\t\t\t\t\t<div class=\"elementor-row\">\n\t\t\t\t\t<div class=\"elementor-column elementor-col-100 elementor-top-column elementor-element elementor-element-250efb2\" data-id=\"250efb2\" data-element_type=\"column\">\n\t\t\t<div class=\"elementor-column-wrap elementor-element-populated\">\n\t\t\t\t\t\t\t<div class=\"elementor-widget-wrap\">\n\t\t\t\t\t\t<div class=\"elementor-element elementor-element-442856a elementor-widget elementor-widget-text-editor\" data-id=\"442856a\" data-element_type=\"widget\" data-widget_type=\"text-editor.default\">\n\t\t\t\t<div class=\"elementor-widget-container\">\n\t\t\t\t\t<div class=\"elementor-text-editor elementor-clearfix\"><p><strong>Antes del tratamiento<\/strong><\/p><\/div>\n\t\t\t\t<\/div>\n\t\t\t\t<\/div>\n\t\t\t\t\t\t<\/div>\n\t\t\t\t\t<\/div>\n\t\t<\/div>\n\t\t\t\t\t\t\t\t<\/div>\n\t\t\t\t\t<\/div>\n\t\t<\/section>\n\t\t\t\t<section class=\"elementor-section elementor-top-section elementor-element elementor-element-96e689b elementor-section-boxed elementor-section-height-default elementor-section-height-default\" data-id=\"96e689b\" data-element_type=\"section\">\n\t\t\t\t\t\t<div class=\"elementor-container elementor-column-gap-default\">\n\t\t\t\t\t\t\t<div class=\"elementor-row\">\n\t\t\t\t\t<div class=\"elementor-column elementor-col-100 elementor-top-column elementor-element elementor-element-8da88f7\" data-id=\"8da88f7\" data-element_type=\"column\">\n\t\t\t<div class=\"elementor-column-wrap elementor-element-populated\">\n\t\t\t\t\t\t\t<div class=\"elementor-widget-wrap\">\n\t\t\t\t\t\t<div class=\"elementor-element elementor-element-1712966 elementor-widget elementor-widget-text-editor\" data-id=\"1712966\" data-element_type=\"widget\" data-widget_type=\"text-editor.default\">\n\t\t\t\t<div class=\"elementor-widget-container\">\n\t\t\t\t\t<div class=\"elementor-text-editor elementor-clearfix\"><div class=\"flex-1 overflow-hidden\"><div class=\"react-scroll-to-bottom--css-ddofw-79elbk h-full\"><div class=\"react-scroll-to-bottom--css-ddofw-1n7m0yu\"><div><div class=\"flex flex-col text-sm\"><div class=\"w-full text-token-text-primary\" dir=\"auto\" data-testid=\"conversation-turn-29\" data-scroll-anchor=\"true\"><div class=\"py-2 juice:py-[18px] px-3 text-base md:px-4 m-auto md:px-5 lg:px-1 xl:px-5\"><div class=\"mx-auto flex flex-1 gap-3 text-base juice:gap-4 juice:md:gap-6 md:max-w-3xl\"><div class=\"group\/conversation-turn relative flex w-full min-w-0 flex-col agent-turn\"><div class=\"flex-col gap-1 md:gap-3\"><div class=\"flex flex-grow flex-col max-w-full\"><div class=\"min-h-[20px] text-message flex flex-col items-start whitespace-pre-wrap break-words [.text-message+&amp;]:mt-5 juice:w-full juice:items-end overflow-x-auto gap-2\" dir=\"auto\" data-message-author-role=\"assistant\" data-message-id=\"d3bc2e8a-e602-4086-8d94-863547839ea4\"><div class=\"flex w-full flex-col gap-1 juice:empty:hidden juice:first:pt-[3px]\"><div class=\"markdown prose w-full break-words dark:prose-invert light\"><p>En primer lugar, es importante que depiles mediante la <b>cuchilla <\/b>el \u00e1rea a tratar un d\u00eda anterior al d\u00eda de la sesi\u00f3n o bien el mismo d\u00eda.<\/p><\/div><\/div><\/div><\/div><\/div><\/div><\/div><\/div><\/div><\/div><\/div><\/div><\/div><\/div><\/div>\n\t\t\t\t<\/div>\n\t\t\t\t<\/div>\n\t\t\t\t\t\t<\/div>\n\t\t\t\t\t<\/div>\n\t\t<\/div>\n\t\t\t\t\t\t\t\t<\/div>\n\t\t\t\t\t<\/div>\n\t\t<\/section>\n\t\t\t\t<section class=\"elementor-section elementor-top-section elementor-element elementor-element-d9ba0d8 elementor-section-boxed elementor-section-height-default elementor-section-height-default\" data-id=\"d9ba0d8\" data-element_type=\"section\">\n\t\t\t\t\t\t<div class=\"elementor-container elementor-column-gap-default\">\n\t\t\t\t\t\t\t<div class=\"elementor-row\">\n\t\t\t\t\t<div class=\"elementor-column elementor-col-100 elementor-top-column elementor-element elementor-element-c47a961\" data-id=\"c47a961\" data-element_type=\"column\">\n\t\t\t<div class=\"elementor-column-wrap elementor-element-populated\">\n\t\t\t\t\t\t\t<div class=\"elementor-widget-wrap\">\n\t\t\t\t\t\t<div class=\"elementor-element elementor-element-a5004a9 elementor-widget elementor-widget-text-editor\" data-id=\"a5004a9\" data-element_type=\"widget\" data-widget_type=\"text-editor.default\">\n\t\t\t\t<div class=\"elementor-widget-container\">\n\t\t\t\t\t<div class=\"elementor-text-editor elementor-clearfix\"><p>En segundo lugar, evita aplicar productos cosm\u00e9ticos en la zona a tratar <b>el d\u00eda del tratamiento<\/b>, esto incluye lociones, cremas y autobronceadores. <\/p><\/div>\n\t\t\t\t<\/div>\n\t\t\t\t<\/div>\n\t\t\t\t\t\t<\/div>\n\t\t\t\t\t<\/div>\n\t\t<\/div>\n\t\t\t\t\t\t\t\t<\/div>\n\t\t\t\t\t<\/div>\n\t\t<\/section>\n\t\t\t\t<section class=\"elementor-section elementor-top-section elementor-element elementor-element-8a556a3 elementor-section-boxed elementor-section-height-default elementor-section-height-default\" data-id=\"8a556a3\" data-element_type=\"section\">\n\t\t\t\t\t\t<div class=\"elementor-container elementor-column-gap-default\">\n\t\t\t\t\t\t\t<div class=\"elementor-row\">\n\t\t\t\t\t<div class=\"elementor-column elementor-col-100 elementor-top-column elementor-element elementor-element-fffdb0c\" data-id=\"fffdb0c\" data-element_type=\"column\">\n\t\t\t<div class=\"elementor-column-wrap elementor-element-populated\">\n\t\t\t\t\t\t\t<div class=\"elementor-widget-wrap\">\n\t\t\t\t\t\t<div class=\"elementor-element elementor-element-595a762 elementor-widget elementor-widget-image\" data-id=\"595a762\" data-element_type=\"widget\" data-widget_type=\"image.default\">\n\t\t\t\t<div class=\"elementor-widget-container\">\n\t\t\t\t\t<div class=\"elementor-image\">\n\t\t\t\t\t\t\t\t\t\t<img width=\"300\" height=\"300\" src=\"https:\/\/haircutday.com\/b\/wp-content\/uploads\/2024\/05\/fotos-blogs8-300x300.png\" class=\"attachment-medium size-medium\" alt=\"\" loading=\"lazy\" srcset=\"https:\/\/haircutday.com\/b\/wp-content\/uploads\/2024\/05\/fotos-blogs8-300x300.png 300w, https:\/\/haircutday.com\/b\/wp-content\/uploads\/2024\/05\/fotos-blogs8-1024x1024.png 1024w, https:\/\/haircutday.com\/b\/wp-content\/uploads\/2024\/05\/fotos-blogs8-150x150.png 150w, https:\/\/haircutday.com\/b\/wp-content\/uploads\/2024\/05\/fotos-blogs8-768x768.png 768w, https:\/\/haircutday.com\/b\/wp-content\/uploads\/2024\/05\/fotos-blogs8-800x800.png 800w, https:\/\/haircutday.com\/b\/wp-content\/uploads\/2024\/05\/fotos-blogs8.png 1080w\" sizes=\"(max-width: 300px) 100vw, 300px\" \/>\t\t\t\t\t\t\t\t\t\t\t<\/div>\n\t\t\t\t<\/div>\n\t\t\t\t<\/div>\n\t\t\t\t\t\t<\/div>\n\t\t\t\t\t<\/div>\n\t\t<\/div>\n\t\t\t\t\t\t\t\t<\/div>\n\t\t\t\t\t<\/div>\n\t\t<\/section>\n\t\t\t\t<section class=\"elementor-section elementor-top-section elementor-element elementor-element-ad3149c elementor-section-boxed elementor-section-height-default elementor-section-height-default\" data-id=\"ad3149c\" data-element_type=\"section\">\n\t\t\t\t\t\t<div class=\"elementor-container elementor-column-gap-default\">\n\t\t\t\t\t\t\t<div class=\"elementor-row\">\n\t\t\t\t\t<div class=\"elementor-column elementor-col-100 elementor-top-column elementor-element elementor-element-2f35ad0\" data-id=\"2f35ad0\" data-element_type=\"column\">\n\t\t\t<div class=\"elementor-column-wrap elementor-element-populated\">\n\t\t\t\t\t\t\t<div class=\"elementor-widget-wrap\">\n\t\t\t\t\t\t<div class=\"elementor-element elementor-element-dad29ca elementor-widget elementor-widget-text-editor\" data-id=\"dad29ca\" data-element_type=\"widget\" data-widget_type=\"text-editor.default\">\n\t\t\t\t<div class=\"elementor-widget-container\">\n\t\t\t\t\t<div class=\"elementor-text-editor elementor-clearfix\"><p><strong>Despu\u00e9s del tratamiento<\/strong><\/p><\/div>\n\t\t\t\t<\/div>\n\t\t\t\t<\/div>\n\t\t\t\t\t\t<\/div>\n\t\t\t\t\t<\/div>\n\t\t<\/div>\n\t\t\t\t\t\t\t\t<\/div>\n\t\t\t\t\t<\/div>\n\t\t<\/section>\n\t\t\t\t<section class=\"elementor-section elementor-top-section elementor-element elementor-element-c9f2017 elementor-section-boxed elementor-section-height-default elementor-section-height-default\" data-id=\"c9f2017\" data-element_type=\"section\">\n\t\t\t\t\t\t<div class=\"elementor-container elementor-column-gap-default\">\n\t\t\t\t\t\t\t<div class=\"elementor-row\">\n\t\t\t\t\t<div class=\"elementor-column elementor-col-100 elementor-top-column elementor-element elementor-element-782beff\" data-id=\"782beff\" data-element_type=\"column\">\n\t\t\t<div class=\"elementor-column-wrap elementor-element-populated\">\n\t\t\t\t\t\t\t<div class=\"elementor-widget-wrap\">\n\t\t\t\t\t\t<div class=\"elementor-element elementor-element-ecf06a6 elementor-widget elementor-widget-text-editor\" data-id=\"ecf06a6\" data-element_type=\"widget\" data-widget_type=\"text-editor.default\">\n\t\t\t\t<div class=\"elementor-widget-container\">\n\t\t\t\t\t<div class=\"elementor-text-editor elementor-clearfix\"><p>Despu\u00e9s de la depilaci\u00f3n l\u00e1ser, <strong>evita la exposici\u00f3n al sol<\/strong> para permitir que tu piel descanse. Por ende, <b>es cero recomendable<\/b> realizarse el tratamiento durante el verano. Tu piel correr\u00eda el riesgo de experimentar efectos secundarios como quemaduras y manchas de manera considerable. Deber\u00edas aprovechar el resto del a\u00f1o para empezar con el tratamiento.<\/p><\/div>\n\t\t\t\t<\/div>\n\t\t\t\t<\/div>\n\t\t\t\t\t\t<\/div>\n\t\t\t\t\t<\/div>\n\t\t<\/div>\n\t\t\t\t\t\t\t\t<\/div>\n\t\t\t\t\t<\/div>\n\t\t<\/section>\n\t\t\t\t<section class=\"elementor-section elementor-top-section elementor-element elementor-element-251d3eb elementor-section-boxed elementor-section-height-default elementor-section-height-default\" data-id=\"251d3eb\" data-element_type=\"section\">\n\t\t\t\t\t\t<div class=\"elementor-container elementor-column-gap-default\">\n\t\t\t\t\t\t\t<div class=\"elementor-row\">\n\t\t\t\t\t<div class=\"elementor-column elementor-col-100 elementor-top-column elementor-element elementor-element-0485abd\" data-id=\"0485abd\" data-element_type=\"column\">\n\t\t\t<div class=\"elementor-column-wrap elementor-element-populated\">\n\t\t\t\t\t\t\t<div class=\"elementor-widget-wrap\">\n\t\t\t\t\t\t<div class=\"elementor-element elementor-element-8cfc57e elementor-widget elementor-widget-text-editor\" data-id=\"8cfc57e\" data-element_type=\"widget\" data-widget_type=\"text-editor.default\">\n\t\t\t\t<div class=\"elementor-widget-container\">\n\t\t\t\t\t<div class=\"elementor-text-editor elementor-clearfix\"><p>Otro dato que deber\u00edas saber, es que el uso de la cuchilla es el <strong>\u00fanico<\/strong> m\u00e9todo de depilaci\u00f3n permitido, porque no afecta al fol\u00edculo piloso. El uso de otros m\u00e9todos de depilaci\u00f3n como la cera, por ejemplo, alteran la eficacia del tratamiento l\u00e1ser. <\/p><\/div>\n\t\t\t\t<\/div>\n\t\t\t\t<\/div>\n\t\t\t\t\t\t<\/div>\n\t\t\t\t\t<\/div>\n\t\t<\/div>\n\t\t\t\t\t\t\t\t<\/div>\n\t\t\t\t\t<\/div>\n\t\t<\/section>\n\t\t\t\t<section class=\"elementor-section elementor-top-section elementor-element elementor-element-4edb1e8 elementor-section-boxed elementor-section-height-default elementor-section-height-default\" data-id=\"4edb1e8\" data-element_type=\"section\">\n\t\t\t\t\t\t<div class=\"elementor-container elementor-column-gap-default\">\n\t\t\t\t\t\t\t<div class=\"elementor-row\">\n\t\t\t\t\t<div class=\"elementor-column elementor-col-100 elementor-top-column elementor-element elementor-element-602c530\" data-id=\"602c530\" data-element_type=\"column\">\n\t\t\t<div class=\"elementor-column-wrap elementor-element-populated\">\n\t\t\t\t\t\t\t<div class=\"elementor-widget-wrap\">\n\t\t\t\t\t\t<div class=\"elementor-element elementor-element-4754dc4 elementor-widget elementor-widget-image\" data-id=\"4754dc4\" data-element_type=\"widget\" data-widget_type=\"image.default\">\n\t\t\t\t<div class=\"elementor-widget-container\">\n\t\t\t\t\t<div class=\"elementor-image\">\n\t\t\t\t\t\t\t<figure class=\"wp-caption\">\n\t\t\t\t\t\t\t\t\t\t<img width=\"300\" height=\"300\" src=\"https:\/\/haircutday.com\/b\/wp-content\/uploads\/2024\/05\/fotos-blogs6-300x300.png\" class=\"attachment-medium size-medium\" alt=\"\" loading=\"lazy\" srcset=\"https:\/\/haircutday.com\/b\/wp-content\/uploads\/2024\/05\/fotos-blogs6-300x300.png 300w, https:\/\/haircutday.com\/b\/wp-content\/uploads\/2024\/05\/fotos-blogs6-1024x1024.png 1024w, https:\/\/haircutday.com\/b\/wp-content\/uploads\/2024\/05\/fotos-blogs6-150x150.png 150w, https:\/\/haircutday.com\/b\/wp-content\/uploads\/2024\/05\/fotos-blogs6-768x768.png 768w, https:\/\/haircutday.com\/b\/wp-content\/uploads\/2024\/05\/fotos-blogs6-800x800.png 800w, https:\/\/haircutday.com\/b\/wp-content\/uploads\/2024\/05\/fotos-blogs6.png 1080w\" sizes=\"(max-width: 300px) 100vw, 300px\" \/>\t\t\t\t\t\t\t\t\t\t\t<figcaption class=\"widget-image-caption wp-caption-text\">No se recomienda la cera ni antes ni despu\u00e9s del tratamiento l\u00e1ser<\/figcaption>\n\t\t\t\t\t\t\t\t\t\t<\/figure>\n\t\t\t\t\t<\/div>\n\t\t\t\t<\/div>\n\t\t\t\t<\/div>\n\t\t\t\t\t\t<\/div>\n\t\t\t\t\t<\/div>\n\t\t<\/div>\n\t\t\t\t\t\t\t\t<\/div>\n\t\t\t\t\t<\/div>\n\t\t<\/section>\n\t\t\t\t<section class=\"elementor-section elementor-top-section elementor-element elementor-element-9438256 elementor-section-boxed elementor-section-height-default elementor-section-height-default\" data-id=\"9438256\" data-element_type=\"section\">\n\t\t\t\t\t\t<div class=\"elementor-container elementor-column-gap-default\">\n\t\t\t\t\t\t\t<div class=\"elementor-row\">\n\t\t\t\t\t<div class=\"elementor-column elementor-col-100 elementor-top-column elementor-element elementor-element-7fc66d8\" data-id=\"7fc66d8\" data-element_type=\"column\">\n\t\t\t<div class=\"elementor-column-wrap elementor-element-populated\">\n\t\t\t\t\t\t\t<div class=\"elementor-widget-wrap\">\n\t\t\t\t\t\t<div class=\"elementor-element elementor-element-36c3cca elementor-widget elementor-widget-heading\" data-id=\"36c3cca\" data-element_type=\"widget\" data-widget_type=\"heading.default\">\n\t\t\t\t<div class=\"elementor-widget-container\">\n\t\t\t<h2 class=\"elementor-heading-title elementor-size-default\">\u00bfCu\u00e1les son los beneficios del l\u00e1ser de diodo en comparaci\u00f3n con otros m\u00e9todos de depilaci\u00f3n?<\/h2>\t\t<\/div>\n\t\t\t\t<\/div>\n\t\t\t\t\t\t<\/div>\n\t\t\t\t\t<\/div>\n\t\t<\/div>\n\t\t\t\t\t\t\t\t<\/div>\n\t\t\t\t\t<\/div>\n\t\t<\/section>\n\t\t\t\t<section class=\"elementor-section elementor-top-section elementor-element elementor-element-a483916 elementor-section-boxed elementor-section-height-default elementor-section-height-default\" data-id=\"a483916\" data-element_type=\"section\">\n\t\t\t\t\t\t<div class=\"elementor-container elementor-column-gap-default\">\n\t\t\t\t\t\t\t<div class=\"elementor-row\">\n\t\t\t\t\t<div class=\"elementor-column elementor-col-100 elementor-top-column elementor-element elementor-element-bc7b44b\" data-id=\"bc7b44b\" data-element_type=\"column\">\n\t\t\t<div class=\"elementor-column-wrap elementor-element-populated\">\n\t\t\t\t\t\t\t<div class=\"elementor-widget-wrap\">\n\t\t\t\t\t\t<div class=\"elementor-element elementor-element-c7c04b8 elementor-widget elementor-widget-text-editor\" data-id=\"c7c04b8\" data-element_type=\"widget\" data-widget_type=\"text-editor.default\">\n\t\t\t\t<div class=\"elementor-widget-container\">\n\t\t\t\t\t<div class=\"elementor-text-editor elementor-clearfix\"><ul><li><strong>Resultados a largo plazo<\/strong><\/li><\/ul><\/div>\n\t\t\t\t<\/div>\n\t\t\t\t<\/div>\n\t\t\t\t\t\t<\/div>\n\t\t\t\t\t<\/div>\n\t\t<\/div>\n\t\t\t\t\t\t\t\t<\/div>\n\t\t\t\t\t<\/div>\n\t\t<\/section>\n\t\t\t\t<section class=\"elementor-section elementor-top-section elementor-element elementor-element-28967ec elementor-section-boxed elementor-section-height-default elementor-section-height-default\" data-id=\"28967ec\" data-element_type=\"section\">\n\t\t\t\t\t\t<div class=\"elementor-container elementor-column-gap-default\">\n\t\t\t\t\t\t\t<div class=\"elementor-row\">\n\t\t\t\t\t<div class=\"elementor-column elementor-col-100 elementor-top-column elementor-element elementor-element-775cbc0\" data-id=\"775cbc0\" data-element_type=\"column\">\n\t\t\t<div class=\"elementor-column-wrap elementor-element-populated\">\n\t\t\t\t\t\t\t<div class=\"elementor-widget-wrap\">\n\t\t\t\t\t\t<div class=\"elementor-element elementor-element-da10ddb elementor-widget elementor-widget-text-editor\" data-id=\"da10ddb\" data-element_type=\"widget\" data-widget_type=\"text-editor.default\">\n\t\t\t\t<div class=\"elementor-widget-container\">\n\t\t\t\t\t<div class=\"elementor-text-editor elementor-clearfix\"><ul><li><strong>Es indoloro<\/strong><\/li><\/ul><\/div>\n\t\t\t\t<\/div>\n\t\t\t\t<\/div>\n\t\t\t\t\t\t<\/div>\n\t\t\t\t\t<\/div>\n\t\t<\/div>\n\t\t\t\t\t\t\t\t<\/div>\n\t\t\t\t\t<\/div>\n\t\t<\/section>\n\t\t\t\t<section class=\"elementor-section elementor-top-section elementor-element elementor-element-a09e95b elementor-section-boxed elementor-section-height-default elementor-section-height-default\" data-id=\"a09e95b\" data-element_type=\"section\">\n\t\t\t\t\t\t<div class=\"elementor-container elementor-column-gap-default\">\n\t\t\t\t\t\t\t<div class=\"elementor-row\">\n\t\t\t\t\t<div class=\"elementor-column elementor-col-100 elementor-top-column elementor-element elementor-element-7fe3b7e\" data-id=\"7fe3b7e\" data-element_type=\"column\">\n\t\t\t<div class=\"elementor-column-wrap elementor-element-populated\">\n\t\t\t\t\t\t\t<div class=\"elementor-widget-wrap\">\n\t\t\t\t\t\t<div class=\"elementor-element elementor-element-04fae87 elementor-widget elementor-widget-text-editor\" data-id=\"04fae87\" data-element_type=\"widget\" data-widget_type=\"text-editor.default\">\n\t\t\t\t<div class=\"elementor-widget-container\">\n\t\t\t\t\t<div class=\"elementor-text-editor elementor-clearfix\"><ul><li><strong>Act\u00faa con precisi\u00f3n<\/strong><\/li><\/ul><\/div>\n\t\t\t\t<\/div>\n\t\t\t\t<\/div>\n\t\t\t\t\t\t<\/div>\n\t\t\t\t\t<\/div>\n\t\t<\/div>\n\t\t\t\t\t\t\t\t<\/div>\n\t\t\t\t\t<\/div>\n\t\t<\/section>\n\t\t\t\t<section class=\"elementor-section elementor-top-section elementor-element elementor-element-6635949 elementor-section-boxed elementor-section-height-default elementor-section-height-default\" data-id=\"6635949\" data-element_type=\"section\">\n\t\t\t\t\t\t<div class=\"elementor-container elementor-column-gap-default\">\n\t\t\t\t\t\t\t<div class=\"elementor-row\">\n\t\t\t\t\t<div class=\"elementor-column elementor-col-100 elementor-top-column elementor-element elementor-element-1fcf687\" data-id=\"1fcf687\" data-element_type=\"column\">\n\t\t\t<div class=\"elementor-column-wrap elementor-element-populated\">\n\t\t\t\t\t\t\t<div class=\"elementor-widget-wrap\">\n\t\t\t\t\t\t<div class=\"elementor-element elementor-element-6ea1a0d elementor-widget elementor-widget-text-editor\" data-id=\"6ea1a0d\" data-element_type=\"widget\" data-widget_type=\"text-editor.default\">\n\t\t\t\t<div class=\"elementor-widget-container\">\n\t\t\t\t\t<div class=\"elementor-text-editor elementor-clearfix\"><ul><li><strong>Versatilidad<\/strong><\/li><\/ul><\/div>\n\t\t\t\t<\/div>\n\t\t\t\t<\/div>\n\t\t\t\t\t\t<\/div>\n\t\t\t\t\t<\/div>\n\t\t<\/div>\n\t\t\t\t\t\t\t\t<\/div>\n\t\t\t\t\t<\/div>\n\t\t<\/section>\n\t\t\t\t<section class=\"elementor-section elementor-top-section elementor-element elementor-element-4465814 elementor-section-boxed elementor-section-height-default elementor-section-height-default\" data-id=\"4465814\" data-element_type=\"section\">\n\t\t\t\t\t\t<div class=\"elementor-container elementor-column-gap-default\">\n\t\t\t\t\t\t\t<div class=\"elementor-row\">\n\t\t\t\t\t<div class=\"elementor-column elementor-col-100 elementor-top-column elementor-element elementor-element-e77bd6f\" data-id=\"e77bd6f\" data-element_type=\"column\">\n\t\t\t<div class=\"elementor-column-wrap elementor-element-populated\">\n\t\t\t\t\t\t\t<div class=\"elementor-widget-wrap\">\n\t\t\t\t\t\t<div class=\"elementor-element elementor-element-2948572 elementor-widget elementor-widget-text-editor\" data-id=\"2948572\" data-element_type=\"widget\" data-widget_type=\"text-editor.default\">\n\t\t\t\t<div class=\"elementor-widget-container\">\n\t\t\t\t\t<div class=\"elementor-text-editor elementor-clearfix\"><ul>\n<li><strong>Combate la fol\u00edculitis y el hisurtismo<br><\/strong><\/li>\n<\/ul><\/div>\n\t\t\t\t<\/div>\n\t\t\t\t<\/div>\n\t\t\t\t\t\t<\/div>\n\t\t\t\t\t<\/div>\n\t\t<\/div>\n\t\t\t\t\t\t\t\t<\/div>\n\t\t\t\t\t<\/div>\n\t\t<\/section>\n\t\t\t\t<section class=\"elementor-section elementor-top-section elementor-element elementor-element-baf273b elementor-section-boxed elementor-section-height-default elementor-section-height-default\" data-id=\"baf273b\" data-element_type=\"section\">\n\t\t\t\t\t\t<div class=\"elementor-container elementor-column-gap-default\">\n\t\t\t\t\t\t\t<div class=\"elementor-row\">\n\t\t\t\t\t<div class=\"elementor-column elementor-col-100 elementor-top-column elementor-element elementor-element-25554d2\" data-id=\"25554d2\" data-element_type=\"column\">\n\t\t\t<div class=\"elementor-column-wrap elementor-element-populated\">\n\t\t\t\t\t\t\t<div class=\"elementor-widget-wrap\">\n\t\t\t\t\t\t<div class=\"elementor-element elementor-element-4944e74 elementor-widget elementor-widget-text-editor\" data-id=\"4944e74\" data-element_type=\"widget\" data-widget_type=\"text-editor.default\">\n\t\t\t\t<div class=\"elementor-widget-container\">\n\t\t\t\t\t<div class=\"elementor-text-editor elementor-clearfix\"><p>Los<strong> fol\u00edculos pilosos<\/strong> son las peque\u00f1as aberturas en la piel desde las cuales crece el vello. Mientras que la <strong>foliculitis<\/strong> es una afecci\u00f3n de la piel que se caracteriza por la formaci\u00f3n de peque\u00f1as protuberancias inflamadas que, en la mayor\u00eda de casos contienen pus. Se produce cuando los fol\u00edculos pilosos se infectan. La cera o el uso de pinzas pueden ser causantes de foliculitis.<\/p><\/div>\n\t\t\t\t<\/div>\n\t\t\t\t<\/div>\n\t\t\t\t\t\t<\/div>\n\t\t\t\t\t<\/div>\n\t\t<\/div>\n\t\t\t\t\t\t\t\t<\/div>\n\t\t\t\t\t<\/div>\n\t\t<\/section>\n\t\t\t\t<section class=\"elementor-section elementor-top-section elementor-element elementor-element-b080f3d elementor-section-boxed elementor-section-height-default elementor-section-height-default\" data-id=\"b080f3d\" data-element_type=\"section\">\n\t\t\t\t\t\t<div class=\"elementor-container elementor-column-gap-default\">\n\t\t\t\t\t\t\t<div class=\"elementor-row\">\n\t\t\t\t\t<div class=\"elementor-column elementor-col-100 elementor-top-column elementor-element elementor-element-30a9d4d\" data-id=\"30a9d4d\" data-element_type=\"column\">\n\t\t\t<div class=\"elementor-column-wrap elementor-element-populated\">\n\t\t\t\t\t\t\t<div class=\"elementor-widget-wrap\">\n\t\t\t\t\t\t<div class=\"elementor-element elementor-element-677bfc6 elementor-widget elementor-widget-image\" data-id=\"677bfc6\" data-element_type=\"widget\" data-widget_type=\"image.default\">\n\t\t\t\t<div class=\"elementor-widget-container\">\n\t\t\t\t\t<div class=\"elementor-image\">\n\t\t\t\t\t\t\t\t\t\t<img width=\"300\" height=\"300\" src=\"https:\/\/haircutday.com\/b\/wp-content\/uploads\/2024\/05\/fotos-blogs10-300x300.png\" class=\"attachment-medium size-medium\" alt=\"\" loading=\"lazy\" srcset=\"https:\/\/haircutday.com\/b\/wp-content\/uploads\/2024\/05\/fotos-blogs10-300x300.png 300w, https:\/\/haircutday.com\/b\/wp-content\/uploads\/2024\/05\/fotos-blogs10-1024x1024.png 1024w, https:\/\/haircutday.com\/b\/wp-content\/uploads\/2024\/05\/fotos-blogs10-150x150.png 150w, https:\/\/haircutday.com\/b\/wp-content\/uploads\/2024\/05\/fotos-blogs10-768x768.png 768w, https:\/\/haircutday.com\/b\/wp-content\/uploads\/2024\/05\/fotos-blogs10-800x800.png 800w, https:\/\/haircutday.com\/b\/wp-content\/uploads\/2024\/05\/fotos-blogs10.png 1080w\" sizes=\"(max-width: 300px) 100vw, 300px\" \/>\t\t\t\t\t\t\t\t\t\t\t<\/div>\n\t\t\t\t<\/div>\n\t\t\t\t<\/div>\n\t\t\t\t\t\t<\/div>\n\t\t\t\t\t<\/div>\n\t\t<\/div>\n\t\t\t\t\t\t\t\t<\/div>\n\t\t\t\t\t<\/div>\n\t\t<\/section>\n\t\t\t\t<section class=\"elementor-section elementor-top-section elementor-element elementor-element-6900ae5 elementor-section-boxed elementor-section-height-default elementor-section-height-default\" data-id=\"6900ae5\" data-element_type=\"section\">\n\t\t\t\t\t\t<div class=\"elementor-container elementor-column-gap-default\">\n\t\t\t\t\t\t\t<div class=\"elementor-row\">\n\t\t\t\t\t<div class=\"elementor-column elementor-col-100 elementor-top-column elementor-element elementor-element-fbc2c59\" data-id=\"fbc2c59\" data-element_type=\"column\">\n\t\t\t<div class=\"elementor-column-wrap elementor-element-populated\">\n\t\t\t\t\t\t\t<div class=\"elementor-widget-wrap\">\n\t\t\t\t\t\t<div class=\"elementor-element elementor-element-6fb8804 elementor-widget elementor-widget-text-editor\" data-id=\"6fb8804\" data-element_type=\"widget\" data-widget_type=\"text-editor.default\">\n\t\t\t\t<div class=\"elementor-widget-container\">\n\t\t\t\t\t<div class=\"elementor-text-editor elementor-clearfix\"><p>El <strong>hisurtismo<\/strong> es un trastorno caracterizado por el crecimiento excesivo de vello en \u00e1reas donde normalmente crece vello en hombres (cara, pecho y espalda). Por ello, este tratamiento es ideal, ya que contribuye a reducir y controlar el crecimiento del vello.<\/p><\/div>\n\t\t\t\t<\/div>\n\t\t\t\t<\/div>\n\t\t\t\t\t\t<\/div>\n\t\t\t\t\t<\/div>\n\t\t<\/div>\n\t\t\t\t\t\t\t\t<\/div>\n\t\t\t\t\t<\/div>\n\t\t<\/section>\n\t\t\t\t<section class=\"elementor-section elementor-top-section elementor-element elementor-element-1e743e2 elementor-section-boxed elementor-section-height-default elementor-section-height-default\" data-id=\"1e743e2\" data-element_type=\"section\">\n\t\t\t\t\t\t<div class=\"elementor-container elementor-column-gap-default\">\n\t\t\t\t\t\t\t<div class=\"elementor-row\">\n\t\t\t\t\t<div class=\"elementor-column elementor-col-100 elementor-top-column elementor-element elementor-element-8976887\" data-id=\"8976887\" data-element_type=\"column\">\n\t\t\t<div class=\"elementor-column-wrap elementor-element-populated\">\n\t\t\t\t\t\t\t<div class=\"elementor-widget-wrap\">\n\t\t\t\t\t\t<div class=\"elementor-element elementor-element-869c982 elementor-widget elementor-widget-text-editor\" data-id=\"869c982\" data-element_type=\"widget\" data-widget_type=\"text-editor.default\">\n\t\t\t\t<div class=\"elementor-widget-container\">\n\t\t\t\t\t<div class=\"elementor-text-editor elementor-clearfix\"><p>Este tratamiento es completamente v\u00e1lido y beneficioso para<strong> cualquier g\u00e9nero.<\/strong> <\/p><\/div>\n\t\t\t\t<\/div>\n\t\t\t\t<\/div>\n\t\t\t\t\t\t<\/div>\n\t\t\t\t\t<\/div>\n\t\t<\/div>\n\t\t\t\t\t\t\t\t<\/div>\n\t\t\t\t\t<\/div>\n\t\t<\/section>\n\t\t\t\t<section class=\"elementor-section elementor-top-section elementor-element elementor-element-2f5ce9c elementor-section-boxed elementor-section-height-default elementor-section-height-default\" data-id=\"2f5ce9c\" data-element_type=\"section\">\n\t\t\t\t\t\t<div class=\"elementor-container elementor-column-gap-default\">\n\t\t\t\t\t\t\t<div class=\"elementor-row\">\n\t\t\t\t\t<div class=\"elementor-column elementor-col-100 elementor-top-column elementor-element elementor-element-de2332a\" data-id=\"de2332a\" data-element_type=\"column\">\n\t\t\t<div class=\"elementor-column-wrap elementor-element-populated\">\n\t\t\t\t\t\t\t<div class=\"elementor-widget-wrap\">\n\t\t\t\t\t\t<div class=\"elementor-element elementor-element-8b38caa elementor-widget elementor-widget-heading\" data-id=\"8b38caa\" data-element_type=\"widget\" data-widget_type=\"heading.default\">\n\t\t\t\t<div class=\"elementor-widget-container\">\n\t\t\t<h2 class=\"elementor-heading-title elementor-size-default\">Nuestros salones Hair Cut Day<\/h2>\t\t<\/div>\n\t\t\t\t<\/div>\n\t\t\t\t\t\t<\/div>\n\t\t\t\t\t<\/div>\n\t\t<\/div>\n\t\t\t\t\t\t\t\t<\/div>\n\t\t\t\t\t<\/div>\n\t\t<\/section>\n\t\t\t\t<section class=\"elementor-section elementor-top-section elementor-element elementor-element-518d176 elementor-section-boxed elementor-section-height-default elementor-section-height-default\" data-id=\"518d176\" data-element_type=\"section\">\n\t\t\t\t\t\t<div class=\"elementor-container elementor-column-gap-default\">\n\t\t\t\t\t\t\t<div class=\"elementor-row\">\n\t\t\t\t\t<div class=\"elementor-column elementor-col-100 elementor-top-column elementor-element elementor-element-6e6c82f\" data-id=\"6e6c82f\" data-element_type=\"column\">\n\t\t\t<div class=\"elementor-column-wrap elementor-element-populated\">\n\t\t\t\t\t\t\t<div class=\"elementor-widget-wrap\">\n\t\t\t\t\t\t<div class=\"elementor-element elementor-element-52afd0f elementor-widget elementor-widget-text-editor\" data-id=\"52afd0f\" data-element_type=\"widget\" data-widget_type=\"text-editor.default\">\n\t\t\t\t<div class=\"elementor-widget-container\">\n\t\t\t\t\t<div class=\"elementor-text-editor elementor-clearfix\"><p>En <strong>Hair Cut Day<\/strong> disponemos de tres salones de <a href=\"https:\/\/haircutday.com\/peluqueria-mujer-barcelona\"><strong>peluquer\u00eda<\/strong> <\/a>y <a href=\"https:\/\/haircutday.com\/salon-de-belleza-barcelona\"><strong>est\u00e9tica<\/strong><\/a>, con un equipo de estilistas profesionales dispuestos a cumplir tus deseos. <strong>Visita nuestros salones de belleza en el centro de Barcelona:<\/strong><\/p><\/div>\n\t\t\t\t<\/div>\n\t\t\t\t<\/div>\n\t\t\t\t\t\t<\/div>\n\t\t\t\t\t<\/div>\n\t\t<\/div>\n\t\t\t\t\t\t\t\t<\/div>\n\t\t\t\t\t<\/div>\n\t\t<\/section>\n\t\t\t\t<section class=\"elementor-section elementor-top-section elementor-element elementor-element-4aff75b elementor-section-boxed elementor-section-height-default elementor-section-height-default\" data-id=\"4aff75b\" data-element_type=\"section\">\n\t\t\t\t\t\t<div class=\"elementor-container elementor-column-gap-default\">\n\t\t\t\t\t\t\t<div class=\"elementor-row\">\n\t\t\t\t\t<div class=\"elementor-column elementor-col-100 elementor-top-column elementor-element elementor-element-651b5aa\" data-id=\"651b5aa\" data-element_type=\"column\">\n\t\t\t<div class=\"elementor-column-wrap elementor-element-populated\">\n\t\t\t\t\t\t\t<div class=\"elementor-widget-wrap\">\n\t\t\t\t\t\t<div class=\"elementor-element elementor-element-341c71b elementor-widget elementor-widget-text-editor\" data-id=\"341c71b\" data-element_type=\"widget\" data-widget_type=\"text-editor.default\">\n\t\t\t\t<div class=\"elementor-widget-container\">\n\t\t\t\t\t<div class=\"elementor-text-editor elementor-clearfix\"><p><strong>C\/Arag\u00f3n 287, L&#8217;Eixample, 08009\u00a0\u00a0\u00a0\u00a0 \u00a0 \u00a0 \u00a0 \u00a0 \u00a0 \u00a0 \u00a0 \u00a0 \u00a0 \u00a0 \u00a0 \u00a0\u00a0\u00a0 Tel; 938 533 371<\/strong><\/p><p><strong>Avenida Diagonal 511, Les Corts 08029\u00a0\u00a0\u00a0\u00a0\u00a0\u00a0\u00a0\u00a0\u00a0\u00a0\u00a0\u00a0\u00a0\u00a0\u00a0\u00a0 \u00a0\u00a0 Tel; 931 463 313<\/strong><\/p><p><strong>Pl. del Dr. Letamendi, 29, L&#8217;Eixample, 08007\u00a0\u00a0 \u00a0 \u00a0 \u00a0 \u00a0 \u00a0 Tel; 931 463510<\/strong><\/p><\/div>\n\t\t\t\t<\/div>\n\t\t\t\t<\/div>\n\t\t\t\t\t\t<\/div>\n\t\t\t\t\t<\/div>\n\t\t<\/div>\n\t\t\t\t\t\t\t\t<\/div>\n\t\t\t\t\t<\/div>\n\t\t<\/section>\n\t\t\t\t<section class=\"elementor-section elementor-top-section elementor-element elementor-element-e75fde6 elementor-section-boxed elementor-section-height-default elementor-section-height-default\" data-id=\"e75fde6\" data-element_type=\"section\">\n\t\t\t\t\t\t<div class=\"elementor-container elementor-column-gap-default\">\n\t\t\t\t\t\t\t<div class=\"elementor-row\">\n\t\t\t\t\t<div class=\"elementor-column elementor-col-100 elementor-top-column elementor-element elementor-element-b75843c\" data-id=\"b75843c\" data-element_type=\"column\">\n\t\t\t<div class=\"elementor-column-wrap elementor-element-populated\">\n\t\t\t\t\t\t\t<div class=\"elementor-widget-wrap\">\n\t\t\t\t\t\t<div class=\"elementor-element elementor-element-bcdee02 elementor-arrows-position-inside elementor-pagination-position-outside elementor-widget elementor-widget-image-carousel\" data-id=\"bcdee02\" data-element_type=\"widget\" data-settings=\"{&quot;navigation&quot;:&quot;both&quot;,&quot;autoplay&quot;:&quot;yes&quot;,&quot;pause_on_hover&quot;:&quot;yes&quot;,&quot;pause_on_interaction&quot;:&quot;yes&quot;,&quot;autoplay_speed&quot;:5000,&quot;infinite&quot;:&quot;yes&quot;,&quot;speed&quot;:500}\" data-widget_type=\"image-carousel.default\">\n\t\t\t\t<div class=\"elementor-widget-container\">\n\t\t\t\t\t<div class=\"elementor-image-carousel-wrapper swiper-container\" dir=\"ltr\">\n\t\t\t<div class=\"elementor-image-carousel swiper-wrapper\">\n\t\t\t\t<div class=\"swiper-slide\"><figure class=\"swiper-slide-inner\"><img class=\"swiper-slide-image\" src=\"https:\/\/haircutday.com\/b\/wp-content\/uploads\/2023\/02\/WhatsApp-Image-2023-09-29-at-13.34.17-150x150.jpeg\" alt=\"Peluquer\u00eda con Zona Privada en Barcelona\" \/><\/figure><\/div><div class=\"swiper-slide\"><figure class=\"swiper-slide-inner\"><img class=\"swiper-slide-image\" src=\"https:\/\/haircutday.com\/b\/wp-content\/uploads\/2023\/01\/WhatsApp-Image-2023-02-17-at-11.57.50-150x150.jpeg\" alt=\"hair cut day\" \/><\/figure><\/div><div class=\"swiper-slide\"><figure class=\"swiper-slide-inner\"><img class=\"swiper-slide-image\" src=\"https:\/\/haircutday.com\/b\/wp-content\/uploads\/2023\/06\/WhatsApp-Image-2023-06-20-at-17.56.14-150x150.jpeg\" alt=\"Alisado Japon\u00e9s Barcelona\" \/><\/figure><\/div><div class=\"swiper-slide\"><figure class=\"swiper-slide-inner\"><img class=\"swiper-slide-image\" src=\"https:\/\/haircutday.com\/b\/wp-content\/uploads\/2023\/09\/WhatsApp-Image-2023-09-29-at-13.34.18-150x150.jpeg\" alt=\"hair cut day\" \/><\/figure><\/div><div class=\"swiper-slide\"><figure class=\"swiper-slide-inner\"><img class=\"swiper-slide-image\" src=\"https:\/\/haircutday.com\/b\/wp-content\/uploads\/2024\/03\/s_2560_0W2A9912-2-150x150.jpg\" alt=\"hair cut day\" \/><\/figure><\/div><div class=\"swiper-slide\"><figure class=\"swiper-slide-inner\"><img class=\"swiper-slide-image\" src=\"https:\/\/haircutday.com\/b\/wp-content\/uploads\/2018\/07\/WhatsApp-Image-2023-02-17-at-16.03.56-150x150.jpeg\" alt=\"hair cut day\" \/><\/figure><\/div><div class=\"swiper-slide\"><figure class=\"swiper-slide-inner\"><img class=\"swiper-slide-image\" src=\"https:\/\/haircutday.com\/b\/wp-content\/uploads\/2023\/01\/WhatsApp-Image-2023-02-13-at-13.56.36-150x150.jpeg\" alt=\"hair cut day\" \/><\/figure><\/div><div class=\"swiper-slide\"><figure class=\"swiper-slide-inner\"><img class=\"swiper-slide-image\" src=\"https:\/\/haircutday.com\/b\/wp-content\/uploads\/2024\/01\/Imagen-de-WhatsApp-2024-05-13-a-las-18.31.08_4255deee-e1715618412652-150x150.jpg\" alt=\"barber\u00eda barcelona\" \/><\/figure><\/div>\t\t\t<\/div>\n\t\t\t\t\t\t\t\t\t\t\t\t<div class=\"swiper-pagination\"><\/div>\n\t\t\t\t\t\t\t\t\t\t\t\t\t<div class=\"elementor-swiper-button elementor-swiper-button-prev\">\n\t\t\t\t\t\t<i class=\"eicon-chevron-left\" aria-hidden=\"true\"><\/i>\n\t\t\t\t\t\t<span class=\"elementor-screen-only\">Anterior<\/span>\n\t\t\t\t\t<\/div>\n\t\t\t\t\t<div class=\"elementor-swiper-button elementor-swiper-button-next\">\n\t\t\t\t\t\t<i class=\"eicon-chevron-right\" aria-hidden=\"true\"><\/i>\n\t\t\t\t\t\t<span class=\"elementor-screen-only\">Siguiente<\/span>\n\t\t\t\t\t<\/div>\n\t\t\t\t\t\t\t\t\t<\/div>\n\t\t\t\t<\/div>\n\t\t\t\t<\/div>\n\t\t\t\t\t\t<\/div>\n\t\t\t\t\t<\/div>\n\t\t<\/div>\n\t\t\t\t\t\t\t\t<\/div>\n\t\t\t\t\t<\/div>\n\t\t<\/section>\n\t\t\t\t<section class=\"elementor-section elementor-top-section elementor-element elementor-element-a2c95f9 elementor-section-boxed elementor-section-height-default elementor-section-height-default\" data-id=\"a2c95f9\" data-element_type=\"section\">\n\t\t\t\t\t\t<div class=\"elementor-container elementor-column-gap-default\">\n\t\t\t\t\t\t\t<div class=\"elementor-row\">\n\t\t\t\t\t<div class=\"elementor-column elementor-col-100 elementor-top-column elementor-element elementor-element-1553041\" data-id=\"1553041\" data-element_type=\"column\">\n\t\t\t<div class=\"elementor-column-wrap elementor-element-populated\">\n\t\t\t\t\t\t\t<div class=\"elementor-widget-wrap\">\n\t\t\t\t\t\t<div class=\"elementor-element elementor-element-3d4a575 elementor-widget elementor-widget-text-editor\" data-id=\"3d4a575\" data-element_type=\"widget\" data-widget_type=\"text-editor.default\">\n\t\t\t\t<div class=\"elementor-widget-container\">\n\t\t\t\t\t<div class=\"elementor-text-editor elementor-clearfix\"><p><strong>S\u00edguenos en nuestras redes sociales<\/strong> para ser el primero en descubrir los tratamientos m\u00e1s novedosos y resultados impresionantes de la mano de nuestro excelente equipo de estilistas: <a href=\"https:\/\/www.instagram.com\/haircutday\/\">@haircutday<\/a> <a href=\"https:\/\/www.instagram.com\/hcdbeauty\/\">@hcdbeauty<\/a> <a href=\"https:\/\/www.instagram.com\/academyhcd\/\">@academyhcd<\/a><\/p><\/div>\n\t\t\t\t<\/div>\n\t\t\t\t<\/div>\n\t\t\t\t\t\t<\/div>\n\t\t\t\t\t<\/div>\n\t\t<\/div>\n\t\t\t\t\t\t\t\t<\/div>\n\t\t\t\t\t<\/div>\n\t\t<\/section>\n\t\t\t\t\t\t<\/div>\n\t\t\t\t\t\t<\/div>\n\t\t\t\t\t<\/div>\n\t\t","protected":false},"excerpt":{"rendered":"<p>\u00a1Da un paso m\u00e1s en tu ritual de depilaci\u00f3n! Con el l\u00e1ser de diodo, luce una piel suave y sin pelo de manera permanente. Descubre sus principales beneficios y el por qu\u00e9 deber\u00edas apostar por este m\u00e9todo de depilaci\u00f3n.<\/p>\n","protected":false},"author":2,"featured_media":9468,"comment_status":"open","ping_status":"open","sticky":false,"template":"","format":"standard","meta":[],"categories":[1],"tags":[],"yoast_head":"<!-- This site is optimized with the Yoast SEO plugin v15.6.2 - https:\/\/yoast.com\/wordpress\/plugins\/seo\/ -->\n<title>L\u00e1ser de Diodo: Preguntas Frecuentes | HairCutDay %<\/title>\n<meta name=\"description\" content=\"Elimina el vello indeseado de manera r\u00e1pida, eficaz e indolora mediante depilaci\u00f3n con el l\u00e1ser de diodo. Descubre cu\u00e1les son sus beneficios.\" \/>\n<meta name=\"robots\" content=\"index, follow, max-snippet:-1, max-image-preview:large, max-video-preview:-1\" \/>\n<link rel=\"canonical\" href=\"https:\/\/haircutday.com\/b\/laser-de-diodo-preguntas-frecuentes\" \/>\n<meta property=\"og:locale\" content=\"es_ES\" \/>\n<meta property=\"og:type\" content=\"article\" \/>\n<meta property=\"og:title\" content=\"L\u00e1ser de Diodo: Preguntas Frecuentes | HairCutDay %\" \/>\n<meta property=\"og:description\" content=\"Elimina el vello indeseado de manera r\u00e1pida, eficaz e indolora mediante depilaci\u00f3n con el l\u00e1ser de diodo. Descubre cu\u00e1les son sus beneficios.\" \/>\n<meta property=\"og:url\" content=\"https:\/\/haircutday.com\/b\/laser-de-diodo-preguntas-frecuentes\" \/>\n<meta property=\"og:site_name\" content=\"Blog de tendencias | Hair Cut Day\" \/>\n<meta property=\"article:publisher\" content=\"https:\/\/www.facebook.com\/haircutdaybcn\/\" \/>\n<meta property=\"article:published_time\" content=\"2025-01-02T11:22:00+00:00\" \/>\n<meta property=\"article:modified_time\" content=\"2025-01-07T12:37:58+00:00\" \/>\n<meta property=\"og:image\" content=\"https:\/\/haircutday.com\/b\/wp-content\/uploads\/2024\/05\/fotos-blogs5.png\" \/>\n\t<meta property=\"og:image:width\" content=\"1080\" \/>\n\t<meta property=\"og:image:height\" content=\"1080\" \/>\n<meta name=\"twitter:card\" content=\"summary_large_image\" \/>\n<meta name=\"twitter:creator\" content=\"@haircutday\" \/>\n<meta name=\"twitter:site\" content=\"@haircutday\" \/>\n<meta name=\"twitter:label1\" content=\"Tiempo de lectura\">\n\t<meta name=\"twitter:data1\" content=\"8 minutos\">\n<script type=\"application\/ld+json\" class=\"yoast-schema-graph\">{\"@context\":\"https:\/\/schema.org\",\"@graph\":[{\"@type\":\"Organization\",\"@id\":\"https:\/\/haircutday.com\/b\/#organization\",\"name\":\"Hair Cut Day\",\"url\":\"https:\/\/haircutday.com\/b\/\",\"sameAs\":[\"https:\/\/www.facebook.com\/haircutdaybcn\/\",\"https:\/\/www.instagram.com\/haircutday\/\",\"https:\/\/twitter.com\/haircutday\"],\"logo\":{\"@type\":\"ImageObject\",\"@id\":\"https:\/\/haircutday.com\/b\/#logo\",\"inLanguage\":\"es\",\"url\":\"https:\/\/haircutday.com\/b\/wp-content\/uploads\/2019\/07\/blog-de-lepetitsalon-logo.png\",\"width\":350,\"height\":87,\"caption\":\"Hair Cut Day\"},\"image\":{\"@id\":\"https:\/\/haircutday.com\/b\/#logo\"}},{\"@type\":\"WebSite\",\"@id\":\"https:\/\/haircutday.com\/b\/#website\",\"url\":\"https:\/\/haircutday.com\/b\/\",\"name\":\"Blog de tendencias | Hair Cut Day\",\"description\":\"Descubre las \\u00faltimas tendencias en peluquer\\u00eda, est\\u00e9tica y moda. Blog de Hair Cut Day.\",\"publisher\":{\"@id\":\"https:\/\/haircutday.com\/b\/#organization\"},\"potentialAction\":[{\"@type\":\"SearchAction\",\"target\":\"https:\/\/haircutday.com\/b\/?s={search_term_string}\",\"query-input\":\"required name=search_term_string\"}],\"inLanguage\":\"es\"},{\"@type\":\"ImageObject\",\"@id\":\"https:\/\/haircutday.com\/b\/laser-de-diodo-preguntas-frecuentes#primaryimage\",\"inLanguage\":\"es\",\"url\":\"https:\/\/haircutday.com\/b\/wp-content\/uploads\/2024\/05\/fotos-blogs5.png\",\"width\":1080,\"height\":1080},{\"@type\":\"WebPage\",\"@id\":\"https:\/\/haircutday.com\/b\/laser-de-diodo-preguntas-frecuentes#webpage\",\"url\":\"https:\/\/haircutday.com\/b\/laser-de-diodo-preguntas-frecuentes\",\"name\":\"L\\u00e1ser de Diodo: Preguntas Frecuentes | HairCutDay %\",\"isPartOf\":{\"@id\":\"https:\/\/haircutday.com\/b\/#website\"},\"primaryImageOfPage\":{\"@id\":\"https:\/\/haircutday.com\/b\/laser-de-diodo-preguntas-frecuentes#primaryimage\"},\"datePublished\":\"2025-01-02T11:22:00+00:00\",\"dateModified\":\"2025-01-07T12:37:58+00:00\",\"description\":\"Elimina el vello indeseado de manera r\\u00e1pida, eficaz e indolora mediante depilaci\\u00f3n con el l\\u00e1ser de diodo. Descubre cu\\u00e1les son sus beneficios.\",\"breadcrumb\":{\"@id\":\"https:\/\/haircutday.com\/b\/laser-de-diodo-preguntas-frecuentes#breadcrumb\"},\"inLanguage\":\"es\",\"potentialAction\":[{\"@type\":\"ReadAction\",\"target\":[\"https:\/\/haircutday.com\/b\/laser-de-diodo-preguntas-frecuentes\"]}]},{\"@type\":\"BreadcrumbList\",\"@id\":\"https:\/\/haircutday.com\/b\/laser-de-diodo-preguntas-frecuentes#breadcrumb\",\"itemListElement\":[{\"@type\":\"ListItem\",\"position\":1,\"item\":{\"@type\":\"WebPage\",\"@id\":\"https:\/\/haircutday.com\/b\",\"url\":\"https:\/\/haircutday.com\/b\",\"name\":\"Blog\"}},{\"@type\":\"ListItem\",\"position\":2,\"item\":{\"@type\":\"WebPage\",\"@id\":\"https:\/\/haircutday.com\/b\/laser-de-diodo-preguntas-frecuentes\",\"url\":\"https:\/\/haircutday.com\/b\/laser-de-diodo-preguntas-frecuentes\",\"name\":\"L\\u00e1ser de Diodo: Preguntas Frecuentes\"}}]},{\"@type\":\"Article\",\"@id\":\"https:\/\/haircutday.com\/b\/laser-de-diodo-preguntas-frecuentes#article\",\"isPartOf\":{\"@id\":\"https:\/\/haircutday.com\/b\/laser-de-diodo-preguntas-frecuentes#webpage\"},\"author\":{\"@id\":\"https:\/\/haircutday.com\/b\/#\/schema\/person\/34f847fd88e67d43fa300ff2bdd1942a\"},\"headline\":\"L\\u00e1ser de Diodo: Preguntas Frecuentes\",\"datePublished\":\"2025-01-02T11:22:00+00:00\",\"dateModified\":\"2025-01-07T12:37:58+00:00\",\"mainEntityOfPage\":{\"@id\":\"https:\/\/haircutday.com\/b\/laser-de-diodo-preguntas-frecuentes#webpage\"},\"commentCount\":0,\"publisher\":{\"@id\":\"https:\/\/haircutday.com\/b\/#organization\"},\"image\":{\"@id\":\"https:\/\/haircutday.com\/b\/laser-de-diodo-preguntas-frecuentes#primaryimage\"},\"inLanguage\":\"es\",\"potentialAction\":[{\"@type\":\"CommentAction\",\"name\":\"Comment\",\"target\":[\"https:\/\/haircutday.com\/b\/laser-de-diodo-preguntas-frecuentes#respond\"]}]},{\"@type\":\"Person\",\"@id\":\"https:\/\/haircutday.com\/b\/#\/schema\/person\/34f847fd88e67d43fa300ff2bdd1942a\",\"name\":\"Veronica Haro\"}]}<\/script>\n<!-- \/ Yoast SEO plugin. -->","_links":{"self":[{"href":"https:\/\/haircutday.com\/b\/wp-json\/wp\/v2\/posts\/9345"}],"collection":[{"href":"https:\/\/haircutday.com\/b\/wp-json\/wp\/v2\/posts"}],"about":[{"href":"https:\/\/haircutday.com\/b\/wp-json\/wp\/v2\/types\/post"}],"author":[{"embeddable":true,"href":"https:\/\/haircutday.com\/b\/wp-json\/wp\/v2\/users\/2"}],"replies":[{"embeddable":true,"href":"https:\/\/haircutday.com\/b\/wp-json\/wp\/v2\/comments?post=9345"}],"version-history":[{"count":179,"href":"https:\/\/haircutday.com\/b\/wp-json\/wp\/v2\/posts\/9345\/revisions"}],"predecessor-version":[{"id":10232,"href":"https:\/\/haircutday.com\/b\/wp-json\/wp\/v2\/posts\/9345\/revisions\/10232"}],"wp:featuredmedia":[{"embeddable":true,"href":"https:\/\/haircutday.com\/b\/wp-json\/wp\/v2\/media\/9468"}],"wp:attachment":[{"href":"https:\/\/haircutday.com\/b\/wp-json\/wp\/v2\/media?parent=9345"}],"wp:term":[{"taxonomy":"category","embeddable":true,"href":"https:\/\/haircutday.com\/b\/wp-json\/wp\/v2\/categories?post=9345"},{"taxonomy":"post_tag","embeddable":true,"href":"https:\/\/haircutday.com\/b\/wp-json\/wp\/v2\/tags?post=9345"}],"curies":[{"name":"wp","href":"https:\/\/api.w.org\/{rel}","templated":true}]}}