{"id":94,"date":"2023-01-01T12:01:23","date_gmt":"2023-01-01T11:01:23","guid":{"rendered":"https:\/\/haircutday.com\/b\/?p=8013"},"modified":"2024-06-27T14:51:46","modified_gmt":"2024-06-27T12:51:46","slug":"8-trucos-sobre-como-cuidar-el-cabello-verdades-y-mentiras-que-debes-saber","status":"publish","type":"post","link":"https:\/\/haircutday.com\/b\/8-trucos-sobre-como-cuidar-el-cabello-verdades-y-mentiras-que-debes-saber","title":{"rendered":"8 trucos sobre c\u00f3mo cuidar el cabello: Verdades y mentiras que debes saber"},"content":{"rendered":"\t\t<div data-elementor-type=\"wp-post\" data-elementor-id=\"94\" class=\"elementor elementor-94\" data-elementor-settings=\"[]\">\n\t\t\t\t\t\t<div class=\"elementor-inner\">\n\t\t\t\t\t\t\t<div class=\"elementor-section-wrap\">\n\t\t\t\t\t\t\t<section class=\"elementor-section elementor-top-section elementor-element elementor-element-88ad8e0 elementor-section-boxed elementor-section-height-default elementor-section-height-default\" data-id=\"88ad8e0\" data-element_type=\"section\">\n\t\t\t\t\t\t<div class=\"elementor-container elementor-column-gap-default\">\n\t\t\t\t\t\t\t<div class=\"elementor-row\">\n\t\t\t\t\t<div class=\"elementor-column elementor-col-100 elementor-top-column elementor-element elementor-element-718ede3\" data-id=\"718ede3\" data-element_type=\"column\">\n\t\t\t<div class=\"elementor-column-wrap elementor-element-populated\">\n\t\t\t\t\t\t\t<div class=\"elementor-widget-wrap\">\n\t\t\t\t\t\t<div class=\"elementor-element elementor-element-23e205b elementor-widget elementor-widget-text-editor\" data-id=\"23e205b\" data-element_type=\"widget\" data-widget_type=\"text-editor.default\">\n\t\t\t\t<div class=\"elementor-widget-container\">\n\t\t\t\t\t<div class=\"elementor-text-editor elementor-clearfix\"><p><span style=\"font-weight: 400;\">\u00bfCu\u00e1ntas veces has escuchado a tu abuela decir que si te arrancas una cana te saldr\u00e1n siete? Y qu\u00e9 me dices del<strong> \u201c\u00a1si sigues ti\u00f1i\u00e9ndote el pelo te quedar\u00e1s calva!<\/strong>\u201d, cu\u00e1nto de verdad hay en estas afirmaciones que se han ido pasando de generaci\u00f3n en generaci\u00f3n.<\/span><\/p><\/div>\n\t\t\t\t<\/div>\n\t\t\t\t<\/div>\n\t\t\t\t\t\t<\/div>\n\t\t\t\t\t<\/div>\n\t\t<\/div>\n\t\t\t\t\t\t\t\t<\/div>\n\t\t\t\t\t<\/div>\n\t\t<\/section>\n\t\t\t\t<section class=\"elementor-section elementor-top-section elementor-element elementor-element-9805bf3 elementor-section-boxed elementor-section-height-default elementor-section-height-default\" data-id=\"9805bf3\" data-element_type=\"section\">\n\t\t\t\t\t\t<div class=\"elementor-container elementor-column-gap-default\">\n\t\t\t\t\t\t\t<div class=\"elementor-row\">\n\t\t\t\t\t<div class=\"elementor-column elementor-col-100 elementor-top-column elementor-element elementor-element-3d0be72\" data-id=\"3d0be72\" data-element_type=\"column\">\n\t\t\t<div class=\"elementor-column-wrap elementor-element-populated\">\n\t\t\t\t\t\t\t<div class=\"elementor-widget-wrap\">\n\t\t\t\t\t\t<div class=\"elementor-element elementor-element-7e109b8 elementor-widget elementor-widget-text-editor\" data-id=\"7e109b8\" data-element_type=\"widget\" data-widget_type=\"text-editor.default\">\n\t\t\t\t<div class=\"elementor-widget-container\">\n\t\t\t\t\t<div class=\"elementor-text-editor elementor-clearfix\"><p>Cuando se habla de cuidar el cabello hay falsos mitos que tomamos como verdaderos porque los hemos escuchado desde siempre. No todo lo que hemos dado por v\u00e1lido es cierto, y por ello, esta semana desde el <b>Blog de Tendencias HCD<\/b> os vamos a desmontar algunos mitos que siempre cre\u00edmos sobre c\u00f3mo cuidar el cabello. <b>\u00bfListos para pasar el test de la verdad capilar?<\/b><\/p><\/div>\n\t\t\t\t<\/div>\n\t\t\t\t<\/div>\n\t\t\t\t\t\t<\/div>\n\t\t\t\t\t<\/div>\n\t\t<\/div>\n\t\t\t\t\t\t\t\t<\/div>\n\t\t\t\t\t<\/div>\n\t\t<\/section>\n\t\t\t\t<section class=\"elementor-section elementor-top-section elementor-element elementor-element-fffead4 elementor-section-boxed elementor-section-height-default elementor-section-height-default\" data-id=\"fffead4\" data-element_type=\"section\">\n\t\t\t\t\t\t<div class=\"elementor-container elementor-column-gap-default\">\n\t\t\t\t\t\t\t<div class=\"elementor-row\">\n\t\t\t\t\t<div class=\"elementor-column elementor-col-100 elementor-top-column elementor-element elementor-element-1327757\" data-id=\"1327757\" data-element_type=\"column\">\n\t\t\t<div class=\"elementor-column-wrap elementor-element-populated\">\n\t\t\t\t\t\t\t<div class=\"elementor-widget-wrap\">\n\t\t\t\t\t\t<div class=\"elementor-element elementor-element-6c70325 elementor-widget elementor-widget-image\" data-id=\"6c70325\" data-element_type=\"widget\" data-widget_type=\"image.default\">\n\t\t\t\t<div class=\"elementor-widget-container\">\n\t\t\t\t\t<div class=\"elementor-image\">\n\t\t\t\t\t\t\t\t\t\t<img width=\"300\" height=\"300\" src=\"https:\/\/haircutday.com\/b\/wp-content\/uploads\/2023\/01\/HAIRCUT-DAY2-300x300.png\" class=\"attachment-medium size-medium\" alt=\"\" loading=\"lazy\" srcset=\"https:\/\/haircutday.com\/b\/wp-content\/uploads\/2023\/01\/HAIRCUT-DAY2-300x300.png 300w, https:\/\/haircutday.com\/b\/wp-content\/uploads\/2023\/01\/HAIRCUT-DAY2-1024x1024.png 1024w, https:\/\/haircutday.com\/b\/wp-content\/uploads\/2023\/01\/HAIRCUT-DAY2-150x150.png 150w, https:\/\/haircutday.com\/b\/wp-content\/uploads\/2023\/01\/HAIRCUT-DAY2-768x768.png 768w, https:\/\/haircutday.com\/b\/wp-content\/uploads\/2023\/01\/HAIRCUT-DAY2-800x800.png 800w, https:\/\/haircutday.com\/b\/wp-content\/uploads\/2023\/01\/HAIRCUT-DAY2.png 1080w\" sizes=\"(max-width: 300px) 100vw, 300px\" \/>\t\t\t\t\t\t\t\t\t\t\t<\/div>\n\t\t\t\t<\/div>\n\t\t\t\t<\/div>\n\t\t\t\t\t\t<\/div>\n\t\t\t\t\t<\/div>\n\t\t<\/div>\n\t\t\t\t\t\t\t\t<\/div>\n\t\t\t\t\t<\/div>\n\t\t<\/section>\n\t\t\t\t<section class=\"elementor-section elementor-top-section elementor-element elementor-element-9412184 elementor-section-boxed elementor-section-height-default elementor-section-height-default\" data-id=\"9412184\" data-element_type=\"section\">\n\t\t\t\t\t\t<div class=\"elementor-container elementor-column-gap-default\">\n\t\t\t\t\t\t\t<div class=\"elementor-row\">\n\t\t\t\t\t<div class=\"elementor-column elementor-col-100 elementor-top-column elementor-element elementor-element-d6b1cdf\" data-id=\"d6b1cdf\" data-element_type=\"column\">\n\t\t\t<div class=\"elementor-column-wrap elementor-element-populated\">\n\t\t\t\t\t\t\t<div class=\"elementor-widget-wrap\">\n\t\t\t\t\t\t<div class=\"elementor-element elementor-element-c37b510 elementor-widget elementor-widget-heading\" data-id=\"c37b510\" data-element_type=\"widget\" data-widget_type=\"heading.default\">\n\t\t\t\t<div class=\"elementor-widget-container\">\n\t\t\t<h2 class=\"elementor-heading-title elementor-size-default\">\"Lavar el cabello con agua fr\u00eda hace que brille m\u00e1s\"<\/h2>\t\t<\/div>\n\t\t\t\t<\/div>\n\t\t\t\t\t\t<\/div>\n\t\t\t\t\t<\/div>\n\t\t<\/div>\n\t\t\t\t\t\t\t\t<\/div>\n\t\t\t\t\t<\/div>\n\t\t<\/section>\n\t\t\t\t<section class=\"elementor-section elementor-top-section elementor-element elementor-element-12132d9 elementor-section-boxed elementor-section-height-default elementor-section-height-default\" data-id=\"12132d9\" data-element_type=\"section\">\n\t\t\t\t\t\t<div class=\"elementor-container elementor-column-gap-default\">\n\t\t\t\t\t\t\t<div class=\"elementor-row\">\n\t\t\t\t\t<div class=\"elementor-column elementor-col-100 elementor-top-column elementor-element elementor-element-1ebf7a2\" data-id=\"1ebf7a2\" data-element_type=\"column\">\n\t\t\t<div class=\"elementor-column-wrap elementor-element-populated\">\n\t\t\t\t\t\t\t<div class=\"elementor-widget-wrap\">\n\t\t\t\t\t\t<div class=\"elementor-element elementor-element-8d6d870 elementor-widget elementor-widget-text-editor\" data-id=\"8d6d870\" data-element_type=\"widget\" data-widget_type=\"text-editor.default\">\n\t\t\t\t<div class=\"elementor-widget-container\">\n\t\t\t\t\t<div class=\"elementor-text-editor elementor-clearfix\"><p><span style=\"font-weight: 400;\">No hace falta congelarse. Puedes lavar tu cabello con agua templada, el truco para aportar una dosis de brillo extra est\u00e1 en el \u00faltimo enjuague, procura hacerlo con agua fr\u00eda, ya que la baja temperatura del agua ayuda a cerrar los poros de tu melena m\u00e1s r\u00e1pido. <\/span><\/p><\/div>\n\t\t\t\t<\/div>\n\t\t\t\t<\/div>\n\t\t\t\t\t\t<\/div>\n\t\t\t\t\t<\/div>\n\t\t<\/div>\n\t\t\t\t\t\t\t\t<\/div>\n\t\t\t\t\t<\/div>\n\t\t<\/section>\n\t\t\t\t<section class=\"elementor-section elementor-top-section elementor-element elementor-element-5c6249c elementor-section-boxed elementor-section-height-default elementor-section-height-default\" data-id=\"5c6249c\" data-element_type=\"section\">\n\t\t\t\t\t\t<div class=\"elementor-container elementor-column-gap-default\">\n\t\t\t\t\t\t\t<div class=\"elementor-row\">\n\t\t\t\t\t<div class=\"elementor-column elementor-col-100 elementor-top-column elementor-element elementor-element-1b69689\" data-id=\"1b69689\" data-element_type=\"column\">\n\t\t\t<div class=\"elementor-column-wrap elementor-element-populated\">\n\t\t\t\t\t\t\t<div class=\"elementor-widget-wrap\">\n\t\t\t\t\t\t<div class=\"elementor-element elementor-element-931ec5e elementor-widget elementor-widget-image\" data-id=\"931ec5e\" data-element_type=\"widget\" data-widget_type=\"image.default\">\n\t\t\t\t<div class=\"elementor-widget-container\">\n\t\t\t\t\t<div class=\"elementor-image\">\n\t\t\t\t\t\t\t\t\t\t<img width=\"300\" height=\"300\" src=\"https:\/\/haircutday.com\/b\/wp-content\/uploads\/2023\/01\/HAIRCUT-DAY3-300x300.png\" class=\"attachment-medium size-medium\" alt=\"\" loading=\"lazy\" srcset=\"https:\/\/haircutday.com\/b\/wp-content\/uploads\/2023\/01\/HAIRCUT-DAY3-300x300.png 300w, https:\/\/haircutday.com\/b\/wp-content\/uploads\/2023\/01\/HAIRCUT-DAY3-1024x1024.png 1024w, https:\/\/haircutday.com\/b\/wp-content\/uploads\/2023\/01\/HAIRCUT-DAY3-150x150.png 150w, https:\/\/haircutday.com\/b\/wp-content\/uploads\/2023\/01\/HAIRCUT-DAY3-768x768.png 768w, https:\/\/haircutday.com\/b\/wp-content\/uploads\/2023\/01\/HAIRCUT-DAY3-800x800.png 800w, https:\/\/haircutday.com\/b\/wp-content\/uploads\/2023\/01\/HAIRCUT-DAY3.png 1080w\" sizes=\"(max-width: 300px) 100vw, 300px\" \/>\t\t\t\t\t\t\t\t\t\t\t<\/div>\n\t\t\t\t<\/div>\n\t\t\t\t<\/div>\n\t\t\t\t\t\t<\/div>\n\t\t\t\t\t<\/div>\n\t\t<\/div>\n\t\t\t\t\t\t\t\t<\/div>\n\t\t\t\t\t<\/div>\n\t\t<\/section>\n\t\t\t\t<section class=\"elementor-section elementor-top-section elementor-element elementor-element-f11bbd9 elementor-section-boxed elementor-section-height-default elementor-section-height-default\" data-id=\"f11bbd9\" data-element_type=\"section\">\n\t\t\t\t\t\t<div class=\"elementor-container elementor-column-gap-default\">\n\t\t\t\t\t\t\t<div class=\"elementor-row\">\n\t\t\t\t\t<div class=\"elementor-column elementor-col-100 elementor-top-column elementor-element elementor-element-a5b825b\" data-id=\"a5b825b\" data-element_type=\"column\">\n\t\t\t<div class=\"elementor-column-wrap elementor-element-populated\">\n\t\t\t\t\t\t\t<div class=\"elementor-widget-wrap\">\n\t\t\t\t\t\t<div class=\"elementor-element elementor-element-293781f elementor-widget elementor-widget-text-editor\" data-id=\"293781f\" data-element_type=\"widget\" data-widget_type=\"text-editor.default\">\n\t\t\t\t<div class=\"elementor-widget-container\">\n\t\t\t\t\t<div class=\"elementor-text-editor elementor-clearfix\"><p>Los expertos en trucos sobre c\u00f3mo cuidar el cabello te dicen que es\u2026 <b>\u00a1Mentira!<\/b><\/p><\/div>\n\t\t\t\t<\/div>\n\t\t\t\t<\/div>\n\t\t\t\t\t\t<\/div>\n\t\t\t\t\t<\/div>\n\t\t<\/div>\n\t\t\t\t\t\t\t\t<\/div>\n\t\t\t\t\t<\/div>\n\t\t<\/section>\n\t\t\t\t<section class=\"elementor-section elementor-top-section elementor-element elementor-element-b709cfc elementor-section-boxed elementor-section-height-default elementor-section-height-default\" data-id=\"b709cfc\" data-element_type=\"section\">\n\t\t\t\t\t\t<div class=\"elementor-container elementor-column-gap-default\">\n\t\t\t\t\t\t\t<div class=\"elementor-row\">\n\t\t\t\t\t<div class=\"elementor-column elementor-col-100 elementor-top-column elementor-element elementor-element-9b2a905\" data-id=\"9b2a905\" data-element_type=\"column\">\n\t\t\t<div class=\"elementor-column-wrap elementor-element-populated\">\n\t\t\t\t\t\t\t<div class=\"elementor-widget-wrap\">\n\t\t\t\t\t\t<div class=\"elementor-element elementor-element-bc53b11 elementor-widget elementor-widget-heading\" data-id=\"bc53b11\" data-element_type=\"widget\" data-widget_type=\"heading.default\">\n\t\t\t\t<div class=\"elementor-widget-container\">\n\t\t\t<h2 class=\"elementor-heading-title elementor-size-default\">\"Los tintes da\u00f1an el cabello\"<\/h2>\t\t<\/div>\n\t\t\t\t<\/div>\n\t\t\t\t\t\t<\/div>\n\t\t\t\t\t<\/div>\n\t\t<\/div>\n\t\t\t\t\t\t\t\t<\/div>\n\t\t\t\t\t<\/div>\n\t\t<\/section>\n\t\t\t\t<section class=\"elementor-section elementor-top-section elementor-element elementor-element-8adceb9 elementor-section-boxed elementor-section-height-default elementor-section-height-default\" data-id=\"8adceb9\" data-element_type=\"section\">\n\t\t\t\t\t\t<div class=\"elementor-container elementor-column-gap-default\">\n\t\t\t\t\t\t\t<div class=\"elementor-row\">\n\t\t\t\t\t<div class=\"elementor-column elementor-col-100 elementor-top-column elementor-element elementor-element-2775cff\" data-id=\"2775cff\" data-element_type=\"column\">\n\t\t\t<div class=\"elementor-column-wrap elementor-element-populated\">\n\t\t\t\t\t\t\t<div class=\"elementor-widget-wrap\">\n\t\t\t\t\t\t<div class=\"elementor-element elementor-element-83e1da5 elementor-widget elementor-widget-text-editor\" data-id=\"83e1da5\" data-element_type=\"widget\" data-widget_type=\"text-editor.default\">\n\t\t\t\t<div class=\"elementor-widget-container\">\n\t\t\t\t\t<div class=\"elementor-text-editor elementor-clearfix\"><p><span style=\"font-weight: 400;\">Dependiendo de los productos que utilices y del tipo de cabello que tengas, los tintes pueden ser da\u00f1inos o no. Los cabellos finos tienden a engrasarse antes, por lo que necesitan ser lavados m\u00e1s a menudo que los cabellos secos. El truco est\u00e1 en utilizar productos sin siliconas y adecuados a las caracter\u00edsticas de tu pelo. <\/span><\/p><\/div>\n\t\t\t\t<\/div>\n\t\t\t\t<\/div>\n\t\t\t\t\t\t<\/div>\n\t\t\t\t\t<\/div>\n\t\t<\/div>\n\t\t\t\t\t\t\t\t<\/div>\n\t\t\t\t\t<\/div>\n\t\t<\/section>\n\t\t\t\t<section class=\"elementor-section elementor-top-section elementor-element elementor-element-e21e827 elementor-section-boxed elementor-section-height-default elementor-section-height-default\" data-id=\"e21e827\" data-element_type=\"section\">\n\t\t\t\t\t\t<div class=\"elementor-container elementor-column-gap-default\">\n\t\t\t\t\t\t\t<div class=\"elementor-row\">\n\t\t\t\t\t<div class=\"elementor-column elementor-col-100 elementor-top-column elementor-element elementor-element-109aa63\" data-id=\"109aa63\" data-element_type=\"column\">\n\t\t\t<div class=\"elementor-column-wrap elementor-element-populated\">\n\t\t\t\t\t\t\t<div class=\"elementor-widget-wrap\">\n\t\t\t\t\t\t<div class=\"elementor-element elementor-element-d5fe0d2 elementor-widget elementor-widget-image\" data-id=\"d5fe0d2\" data-element_type=\"widget\" data-widget_type=\"image.default\">\n\t\t\t\t<div class=\"elementor-widget-container\">\n\t\t\t\t\t<div class=\"elementor-image\">\n\t\t\t\t\t\t\t\t\t\t<img width=\"300\" height=\"300\" src=\"https:\/\/haircutday.com\/b\/wp-content\/uploads\/2023\/01\/HAIRCUT-DAY1-300x300.png\" class=\"attachment-medium size-medium\" alt=\"\" loading=\"lazy\" srcset=\"https:\/\/haircutday.com\/b\/wp-content\/uploads\/2023\/01\/HAIRCUT-DAY1-300x300.png 300w, https:\/\/haircutday.com\/b\/wp-content\/uploads\/2023\/01\/HAIRCUT-DAY1-1024x1024.png 1024w, https:\/\/haircutday.com\/b\/wp-content\/uploads\/2023\/01\/HAIRCUT-DAY1-150x150.png 150w, https:\/\/haircutday.com\/b\/wp-content\/uploads\/2023\/01\/HAIRCUT-DAY1-768x768.png 768w, https:\/\/haircutday.com\/b\/wp-content\/uploads\/2023\/01\/HAIRCUT-DAY1-800x800.png 800w, https:\/\/haircutday.com\/b\/wp-content\/uploads\/2023\/01\/HAIRCUT-DAY1.png 1080w\" sizes=\"(max-width: 300px) 100vw, 300px\" \/>\t\t\t\t\t\t\t\t\t\t\t<\/div>\n\t\t\t\t<\/div>\n\t\t\t\t<\/div>\n\t\t\t\t\t\t<\/div>\n\t\t\t\t\t<\/div>\n\t\t<\/div>\n\t\t\t\t\t\t\t\t<\/div>\n\t\t\t\t\t<\/div>\n\t\t<\/section>\n\t\t\t\t<section class=\"elementor-section elementor-top-section elementor-element elementor-element-952de4b elementor-section-boxed elementor-section-height-default elementor-section-height-default\" data-id=\"952de4b\" data-element_type=\"section\">\n\t\t\t\t\t\t<div class=\"elementor-container elementor-column-gap-default\">\n\t\t\t\t\t\t\t<div class=\"elementor-row\">\n\t\t\t\t\t<div class=\"elementor-column elementor-col-100 elementor-top-column elementor-element elementor-element-f9d0665\" data-id=\"f9d0665\" data-element_type=\"column\">\n\t\t\t<div class=\"elementor-column-wrap elementor-element-populated\">\n\t\t\t\t\t\t\t<div class=\"elementor-widget-wrap\">\n\t\t\t\t\t\t<div class=\"elementor-element elementor-element-0ed350d elementor-widget elementor-widget-text-editor\" data-id=\"0ed350d\" data-element_type=\"widget\" data-widget_type=\"text-editor.default\">\n\t\t\t\t<div class=\"elementor-widget-container\">\n\t\t\t\t\t<div class=\"elementor-text-editor elementor-clearfix\"><p>El secreto para que los tintes no estropeen nuestra melena es utilizar productos de calidad. Por ello, los expertos siempre recomiendan ponerse en manos de profesionales, ellos sabr\u00e1n hacerte un buen diagn\u00f3stico de color, dependiendo del color de base que lleves y del tipo de cabello que tengas. Blanca Su\u00e1rez es un perfecto ejemplo de que la salud de tu cabello no est\u00e1 re\u00f1ida con los tintes.<\/p><\/div>\n\t\t\t\t<\/div>\n\t\t\t\t<\/div>\n\t\t\t\t\t\t<\/div>\n\t\t\t\t\t<\/div>\n\t\t<\/div>\n\t\t\t\t\t\t\t\t<\/div>\n\t\t\t\t\t<\/div>\n\t\t<\/section>\n\t\t\t\t<section class=\"elementor-section elementor-top-section elementor-element elementor-element-9539b81 elementor-section-boxed elementor-section-height-default elementor-section-height-default\" data-id=\"9539b81\" data-element_type=\"section\">\n\t\t\t\t\t\t<div class=\"elementor-container elementor-column-gap-default\">\n\t\t\t\t\t\t\t<div class=\"elementor-row\">\n\t\t\t\t\t<div class=\"elementor-column elementor-col-100 elementor-top-column elementor-element elementor-element-2a61a77\" data-id=\"2a61a77\" data-element_type=\"column\">\n\t\t\t<div class=\"elementor-column-wrap elementor-element-populated\">\n\t\t\t\t\t\t\t<div class=\"elementor-widget-wrap\">\n\t\t\t\t\t\t<div class=\"elementor-element elementor-element-49c48dc elementor-widget elementor-widget-image\" data-id=\"49c48dc\" data-element_type=\"widget\" data-widget_type=\"image.default\">\n\t\t\t\t<div class=\"elementor-widget-container\">\n\t\t\t\t\t<div class=\"elementor-image\">\n\t\t\t\t\t\t\t\t\t\t<img width=\"300\" height=\"300\" src=\"https:\/\/haircutday.com\/b\/wp-content\/uploads\/2023\/01\/HAIRCUT-DAY-300x300.png\" class=\"attachment-medium size-medium\" alt=\"\" loading=\"lazy\" srcset=\"https:\/\/haircutday.com\/b\/wp-content\/uploads\/2023\/01\/HAIRCUT-DAY-300x300.png 300w, https:\/\/haircutday.com\/b\/wp-content\/uploads\/2023\/01\/HAIRCUT-DAY-1024x1024.png 1024w, https:\/\/haircutday.com\/b\/wp-content\/uploads\/2023\/01\/HAIRCUT-DAY-150x150.png 150w, https:\/\/haircutday.com\/b\/wp-content\/uploads\/2023\/01\/HAIRCUT-DAY-768x768.png 768w, https:\/\/haircutday.com\/b\/wp-content\/uploads\/2023\/01\/HAIRCUT-DAY-800x800.png 800w, https:\/\/haircutday.com\/b\/wp-content\/uploads\/2023\/01\/HAIRCUT-DAY.png 1080w\" sizes=\"(max-width: 300px) 100vw, 300px\" \/>\t\t\t\t\t\t\t\t\t\t\t<\/div>\n\t\t\t\t<\/div>\n\t\t\t\t<\/div>\n\t\t\t\t\t\t<\/div>\n\t\t\t\t\t<\/div>\n\t\t<\/div>\n\t\t\t\t\t\t\t\t<\/div>\n\t\t\t\t\t<\/div>\n\t\t<\/section>\n\t\t\t\t<section class=\"elementor-section elementor-top-section elementor-element elementor-element-c39a20b elementor-section-boxed elementor-section-height-default elementor-section-height-default\" data-id=\"c39a20b\" data-element_type=\"section\">\n\t\t\t\t\t\t<div class=\"elementor-container elementor-column-gap-default\">\n\t\t\t\t\t\t\t<div class=\"elementor-row\">\n\t\t\t\t\t<div class=\"elementor-column elementor-col-100 elementor-top-column elementor-element elementor-element-3d9da45\" data-id=\"3d9da45\" data-element_type=\"column\">\n\t\t\t<div class=\"elementor-column-wrap elementor-element-populated\">\n\t\t\t\t\t\t\t<div class=\"elementor-widget-wrap\">\n\t\t\t\t\t\t<div class=\"elementor-element elementor-element-18da97c elementor-widget elementor-widget-text-editor\" data-id=\"18da97c\" data-element_type=\"widget\" data-widget_type=\"text-editor.default\">\n\t\t\t\t<div class=\"elementor-widget-container\">\n\t\t\t\t\t<div class=\"elementor-text-editor elementor-clearfix\"><p>Los expertos en trucos sobre c\u00f3mo cuidar el cabello te dicen que es\u2026 <b>\u00a1Mentira!<\/b><\/p><\/div>\n\t\t\t\t<\/div>\n\t\t\t\t<\/div>\n\t\t\t\t\t\t<\/div>\n\t\t\t\t\t<\/div>\n\t\t<\/div>\n\t\t\t\t\t\t\t\t<\/div>\n\t\t\t\t\t<\/div>\n\t\t<\/section>\n\t\t\t\t<section class=\"elementor-section elementor-top-section elementor-element elementor-element-bb75d67 elementor-section-boxed elementor-section-height-default elementor-section-height-default\" data-id=\"bb75d67\" data-element_type=\"section\">\n\t\t\t\t\t\t<div class=\"elementor-container elementor-column-gap-default\">\n\t\t\t\t\t\t\t<div class=\"elementor-row\">\n\t\t\t\t\t<div class=\"elementor-column elementor-col-100 elementor-top-column elementor-element elementor-element-ab2863a\" data-id=\"ab2863a\" data-element_type=\"column\">\n\t\t\t<div class=\"elementor-column-wrap elementor-element-populated\">\n\t\t\t\t\t\t\t<div class=\"elementor-widget-wrap\">\n\t\t\t\t\t\t<div class=\"elementor-element elementor-element-3b6d092 elementor-widget elementor-widget-heading\" data-id=\"3b6d092\" data-element_type=\"widget\" data-widget_type=\"heading.default\">\n\t\t\t\t<div class=\"elementor-widget-container\">\n\t\t\t<h2 class=\"elementor-heading-title elementor-size-default\">\"Cortar las puntas del pelo hace que crezca m\u00e1s r\u00e1pido\"<\/h2>\t\t<\/div>\n\t\t\t\t<\/div>\n\t\t\t\t\t\t<\/div>\n\t\t\t\t\t<\/div>\n\t\t<\/div>\n\t\t\t\t\t\t\t\t<\/div>\n\t\t\t\t\t<\/div>\n\t\t<\/section>\n\t\t\t\t<section class=\"elementor-section elementor-top-section elementor-element elementor-element-e9b085a elementor-section-boxed elementor-section-height-default elementor-section-height-default\" data-id=\"e9b085a\" data-element_type=\"section\">\n\t\t\t\t\t\t<div class=\"elementor-container elementor-column-gap-default\">\n\t\t\t\t\t\t\t<div class=\"elementor-row\">\n\t\t\t\t\t<div class=\"elementor-column elementor-col-100 elementor-top-column elementor-element elementor-element-1502b2e\" data-id=\"1502b2e\" data-element_type=\"column\">\n\t\t\t<div class=\"elementor-column-wrap elementor-element-populated\">\n\t\t\t\t\t\t\t<div class=\"elementor-widget-wrap\">\n\t\t\t\t\t\t<div class=\"elementor-element elementor-element-8c3056e elementor-widget elementor-widget-text-editor\" data-id=\"8c3056e\" data-element_type=\"widget\" data-widget_type=\"text-editor.default\">\n\t\t\t\t<div class=\"elementor-widget-container\">\n\t\t\t\t\t<div class=\"elementor-text-editor elementor-clearfix\"><p><span style=\"font-weight: 400;\">Aunque sanees tus puntas con mayor frecuencia tu cabello no har\u00e1 que este crezca m\u00e1s r\u00e1pido. Lo que s\u00ed es cierto es que se recomienda sanear el pelo con la frecuencia que te aconseje tu estilista. <\/span><\/p><\/div>\n\t\t\t\t<\/div>\n\t\t\t\t<\/div>\n\t\t\t\t\t\t<\/div>\n\t\t\t\t\t<\/div>\n\t\t<\/div>\n\t\t\t\t\t\t\t\t<\/div>\n\t\t\t\t\t<\/div>\n\t\t<\/section>\n\t\t\t\t<section class=\"elementor-section elementor-top-section elementor-element elementor-element-b0cebf0 elementor-section-boxed elementor-section-height-default elementor-section-height-default\" data-id=\"b0cebf0\" data-element_type=\"section\">\n\t\t\t\t\t\t<div class=\"elementor-container elementor-column-gap-default\">\n\t\t\t\t\t\t\t<div class=\"elementor-row\">\n\t\t\t\t\t<div class=\"elementor-column elementor-col-100 elementor-top-column elementor-element elementor-element-f7d8309\" data-id=\"f7d8309\" data-element_type=\"column\">\n\t\t\t<div class=\"elementor-column-wrap elementor-element-populated\">\n\t\t\t\t\t\t\t<div class=\"elementor-widget-wrap\">\n\t\t\t\t\t\t<div class=\"elementor-element elementor-element-ae62317 elementor-widget elementor-widget-text-editor\" data-id=\"ae62317\" data-element_type=\"widget\" data-widget_type=\"text-editor.default\">\n\t\t\t\t<div class=\"elementor-widget-container\">\n\t\t\t\t\t<div class=\"elementor-text-editor elementor-clearfix\"><p>Cortar las puntas con la frecuencia necesaria te har\u00e1 lucir una melena sana, con m\u00e1s fuerza y volumen. Y para que el cabello crezca m\u00e1s r\u00e1pido hay que poner el foco en cuidar nuestro cuero cabelludo. Si necesitas saber m\u00e1s sobre c\u00f3mo cuidar tu cuero cabelludo no dudes en ponerte en contacto con nuestros <strong><a href=\"https:\/\/haircutday.com\/b\/\">estilistas de Hair Cut Day<\/a><\/strong>.<\/p><\/div>\n\t\t\t\t<\/div>\n\t\t\t\t<\/div>\n\t\t\t\t\t\t<\/div>\n\t\t\t\t\t<\/div>\n\t\t<\/div>\n\t\t\t\t\t\t\t\t<\/div>\n\t\t\t\t\t<\/div>\n\t\t<\/section>\n\t\t\t\t<section class=\"elementor-section elementor-top-section elementor-element elementor-element-dc91bd1 elementor-section-boxed elementor-section-height-default elementor-section-height-default\" data-id=\"dc91bd1\" data-element_type=\"section\">\n\t\t\t\t\t\t<div class=\"elementor-container elementor-column-gap-default\">\n\t\t\t\t\t\t\t<div class=\"elementor-row\">\n\t\t\t\t\t<div class=\"elementor-column elementor-col-100 elementor-top-column elementor-element elementor-element-6351a58\" data-id=\"6351a58\" data-element_type=\"column\">\n\t\t\t<div class=\"elementor-column-wrap elementor-element-populated\">\n\t\t\t\t\t\t\t<div class=\"elementor-widget-wrap\">\n\t\t\t\t\t\t<div class=\"elementor-element elementor-element-10a69eb elementor-widget elementor-widget-image\" data-id=\"10a69eb\" data-element_type=\"widget\" data-widget_type=\"image.default\">\n\t\t\t\t<div class=\"elementor-widget-container\">\n\t\t\t\t\t<div class=\"elementor-image\">\n\t\t\t\t\t\t\t\t\t\t<img width=\"300\" height=\"300\" src=\"https:\/\/haircutday.com\/b\/wp-content\/uploads\/2023\/01\/HAIRCUT-DAY15-300x300.png\" class=\"attachment-medium size-medium\" alt=\"\" loading=\"lazy\" srcset=\"https:\/\/haircutday.com\/b\/wp-content\/uploads\/2023\/01\/HAIRCUT-DAY15-300x300.png 300w, https:\/\/haircutday.com\/b\/wp-content\/uploads\/2023\/01\/HAIRCUT-DAY15-1024x1024.png 1024w, https:\/\/haircutday.com\/b\/wp-content\/uploads\/2023\/01\/HAIRCUT-DAY15-150x150.png 150w, https:\/\/haircutday.com\/b\/wp-content\/uploads\/2023\/01\/HAIRCUT-DAY15-768x768.png 768w, https:\/\/haircutday.com\/b\/wp-content\/uploads\/2023\/01\/HAIRCUT-DAY15-800x800.png 800w, https:\/\/haircutday.com\/b\/wp-content\/uploads\/2023\/01\/HAIRCUT-DAY15.png 1080w\" sizes=\"(max-width: 300px) 100vw, 300px\" \/>\t\t\t\t\t\t\t\t\t\t\t<\/div>\n\t\t\t\t<\/div>\n\t\t\t\t<\/div>\n\t\t\t\t\t\t<\/div>\n\t\t\t\t\t<\/div>\n\t\t<\/div>\n\t\t\t\t\t\t\t\t<\/div>\n\t\t\t\t\t<\/div>\n\t\t<\/section>\n\t\t\t\t<section class=\"elementor-section elementor-top-section elementor-element elementor-element-a567ebd elementor-section-boxed elementor-section-height-default elementor-section-height-default\" data-id=\"a567ebd\" data-element_type=\"section\">\n\t\t\t\t\t\t<div class=\"elementor-container elementor-column-gap-default\">\n\t\t\t\t\t\t\t<div class=\"elementor-row\">\n\t\t\t\t\t<div class=\"elementor-column elementor-col-100 elementor-top-column elementor-element elementor-element-ed4362d\" data-id=\"ed4362d\" data-element_type=\"column\">\n\t\t\t<div class=\"elementor-column-wrap elementor-element-populated\">\n\t\t\t\t\t\t\t<div class=\"elementor-widget-wrap\">\n\t\t\t\t\t\t<div class=\"elementor-element elementor-element-1396cc6 elementor-widget elementor-widget-text-editor\" data-id=\"1396cc6\" data-element_type=\"widget\" data-widget_type=\"text-editor.default\">\n\t\t\t\t<div class=\"elementor-widget-container\">\n\t\t\t\t\t<div class=\"elementor-text-editor elementor-clearfix\"><p>Los expertos en trucos sobre c\u00f3mo cuidar el cabello te dicen que es\u2026 <b>\u00a1Mentira!<\/b><\/p><\/div>\n\t\t\t\t<\/div>\n\t\t\t\t<\/div>\n\t\t\t\t\t\t<\/div>\n\t\t\t\t\t<\/div>\n\t\t<\/div>\n\t\t\t\t\t\t\t\t<\/div>\n\t\t\t\t\t<\/div>\n\t\t<\/section>\n\t\t\t\t<section class=\"elementor-section elementor-top-section elementor-element elementor-element-7e1f540 elementor-section-boxed elementor-section-height-default elementor-section-height-default\" data-id=\"7e1f540\" data-element_type=\"section\">\n\t\t\t\t\t\t<div class=\"elementor-container elementor-column-gap-default\">\n\t\t\t\t\t\t\t<div class=\"elementor-row\">\n\t\t\t\t\t<div class=\"elementor-column elementor-col-100 elementor-top-column elementor-element elementor-element-358d424\" data-id=\"358d424\" data-element_type=\"column\">\n\t\t\t<div class=\"elementor-column-wrap elementor-element-populated\">\n\t\t\t\t\t\t\t<div class=\"elementor-widget-wrap\">\n\t\t\t\t\t\t<div class=\"elementor-element elementor-element-4bfb446 elementor-widget elementor-widget-heading\" data-id=\"4bfb446\" data-element_type=\"widget\" data-widget_type=\"heading.default\">\n\t\t\t\t<div class=\"elementor-widget-container\">\n\t\t\t<h2 class=\"elementor-heading-title elementor-size-default\">\"Cuanta m\u00e1s espuma mejor\"<\/h2>\t\t<\/div>\n\t\t\t\t<\/div>\n\t\t\t\t\t\t<\/div>\n\t\t\t\t\t<\/div>\n\t\t<\/div>\n\t\t\t\t\t\t\t\t<\/div>\n\t\t\t\t\t<\/div>\n\t\t<\/section>\n\t\t\t\t<section class=\"elementor-section elementor-top-section elementor-element elementor-element-6d51e3a elementor-section-boxed elementor-section-height-default elementor-section-height-default\" data-id=\"6d51e3a\" data-element_type=\"section\">\n\t\t\t\t\t\t<div class=\"elementor-container elementor-column-gap-default\">\n\t\t\t\t\t\t\t<div class=\"elementor-row\">\n\t\t\t\t\t<div class=\"elementor-column elementor-col-100 elementor-top-column elementor-element elementor-element-d24a714\" data-id=\"d24a714\" data-element_type=\"column\">\n\t\t\t<div class=\"elementor-column-wrap elementor-element-populated\">\n\t\t\t\t\t\t\t<div class=\"elementor-widget-wrap\">\n\t\t\t\t\t\t<div class=\"elementor-element elementor-element-5b5ca3c elementor-widget elementor-widget-text-editor\" data-id=\"5b5ca3c\" data-element_type=\"widget\" data-widget_type=\"text-editor.default\">\n\t\t\t\t<div class=\"elementor-widget-container\">\n\t\t\t\t\t<div class=\"elementor-text-editor elementor-clearfix\"><p>La espuma facilita el lavado del cabello, pero es importante recordar que la espuma proviene de los sulfatos y que m\u00e1s cantidad no significa mejor calidad. Un exceso de producto puede generar m\u00e1s espuma, pero no implica que limpie o cuide mejor el cabello. De hecho, hay productos capilares de alta gama que apenas hacen espuma, lo que demuestra que este factor no est\u00e1 relacionado con la calidad del producto. En <strong>Hair Cut Day<\/strong> sabemos de lo que hablamos; en nuestros salones solo utilizamos las mejores marcas del mercado.<\/p><\/div>\n\t\t\t\t<\/div>\n\t\t\t\t<\/div>\n\t\t\t\t\t\t<\/div>\n\t\t\t\t\t<\/div>\n\t\t<\/div>\n\t\t\t\t\t\t\t\t<\/div>\n\t\t\t\t\t<\/div>\n\t\t<\/section>\n\t\t\t\t<section class=\"elementor-section elementor-top-section elementor-element elementor-element-fe1f94e elementor-section-boxed elementor-section-height-default elementor-section-height-default\" data-id=\"fe1f94e\" data-element_type=\"section\">\n\t\t\t\t\t\t<div class=\"elementor-container elementor-column-gap-default\">\n\t\t\t\t\t\t\t<div class=\"elementor-row\">\n\t\t\t\t\t<div class=\"elementor-column elementor-col-100 elementor-top-column elementor-element elementor-element-ffe9a40\" data-id=\"ffe9a40\" data-element_type=\"column\">\n\t\t\t<div class=\"elementor-column-wrap elementor-element-populated\">\n\t\t\t\t\t\t\t<div class=\"elementor-widget-wrap\">\n\t\t\t\t\t\t<div class=\"elementor-element elementor-element-8f8eafb elementor-widget elementor-widget-image\" data-id=\"8f8eafb\" data-element_type=\"widget\" data-widget_type=\"image.default\">\n\t\t\t\t<div class=\"elementor-widget-container\">\n\t\t\t\t\t<div class=\"elementor-image\">\n\t\t\t\t\t\t\t\t\t\t<img width=\"300\" height=\"300\" src=\"https:\/\/haircutday.com\/b\/wp-content\/uploads\/2023\/01\/HAIRCUT-DAY11-300x300.png\" class=\"attachment-medium size-medium\" alt=\"\" loading=\"lazy\" srcset=\"https:\/\/haircutday.com\/b\/wp-content\/uploads\/2023\/01\/HAIRCUT-DAY11-300x300.png 300w, https:\/\/haircutday.com\/b\/wp-content\/uploads\/2023\/01\/HAIRCUT-DAY11-1024x1024.png 1024w, https:\/\/haircutday.com\/b\/wp-content\/uploads\/2023\/01\/HAIRCUT-DAY11-150x150.png 150w, https:\/\/haircutday.com\/b\/wp-content\/uploads\/2023\/01\/HAIRCUT-DAY11-768x768.png 768w, https:\/\/haircutday.com\/b\/wp-content\/uploads\/2023\/01\/HAIRCUT-DAY11-800x800.png 800w, https:\/\/haircutday.com\/b\/wp-content\/uploads\/2023\/01\/HAIRCUT-DAY11.png 1080w\" sizes=\"(max-width: 300px) 100vw, 300px\" \/>\t\t\t\t\t\t\t\t\t\t\t<\/div>\n\t\t\t\t<\/div>\n\t\t\t\t<\/div>\n\t\t\t\t\t\t<\/div>\n\t\t\t\t\t<\/div>\n\t\t<\/div>\n\t\t\t\t\t\t\t\t<\/div>\n\t\t\t\t\t<\/div>\n\t\t<\/section>\n\t\t\t\t<section class=\"elementor-section elementor-top-section elementor-element elementor-element-1bc0d55 elementor-section-boxed elementor-section-height-default elementor-section-height-default\" data-id=\"1bc0d55\" data-element_type=\"section\">\n\t\t\t\t\t\t<div class=\"elementor-container elementor-column-gap-default\">\n\t\t\t\t\t\t\t<div class=\"elementor-row\">\n\t\t\t\t\t<div class=\"elementor-column elementor-col-100 elementor-top-column elementor-element elementor-element-39dca72\" data-id=\"39dca72\" data-element_type=\"column\">\n\t\t\t<div class=\"elementor-column-wrap elementor-element-populated\">\n\t\t\t\t\t\t\t<div class=\"elementor-widget-wrap\">\n\t\t\t\t\t\t<div class=\"elementor-element elementor-element-eb43fc5 elementor-widget elementor-widget-text-editor\" data-id=\"eb43fc5\" data-element_type=\"widget\" data-widget_type=\"text-editor.default\">\n\t\t\t\t<div class=\"elementor-widget-container\">\n\t\t\t\t\t<div class=\"elementor-text-editor elementor-clearfix\"><p>Los expertos en trucos sobre c\u00f3mo cuidar el cabello te dicen que es\u2026<b> \u00a1Mentira!<\/b><\/p><\/div>\n\t\t\t\t<\/div>\n\t\t\t\t<\/div>\n\t\t\t\t\t\t<\/div>\n\t\t\t\t\t<\/div>\n\t\t<\/div>\n\t\t\t\t\t\t\t\t<\/div>\n\t\t\t\t\t<\/div>\n\t\t<\/section>\n\t\t\t\t<section class=\"elementor-section elementor-top-section elementor-element elementor-element-63cdd31 elementor-section-boxed elementor-section-height-default elementor-section-height-default\" data-id=\"63cdd31\" data-element_type=\"section\">\n\t\t\t\t\t\t<div class=\"elementor-container elementor-column-gap-default\">\n\t\t\t\t\t\t\t<div class=\"elementor-row\">\n\t\t\t\t\t<div class=\"elementor-column elementor-col-100 elementor-top-column elementor-element elementor-element-556fc0e\" data-id=\"556fc0e\" data-element_type=\"column\">\n\t\t\t<div class=\"elementor-column-wrap elementor-element-populated\">\n\t\t\t\t\t\t\t<div class=\"elementor-widget-wrap\">\n\t\t\t\t\t\t<div class=\"elementor-element elementor-element-1a21b13 elementor-widget elementor-widget-heading\" data-id=\"1a21b13\" data-element_type=\"widget\" data-widget_type=\"heading.default\">\n\t\t\t\t<div class=\"elementor-widget-container\">\n\t\t\t<h2 class=\"elementor-heading-title elementor-size-default\">\"El cabello se acostumbra al champ\u00fa\"<\/h2>\t\t<\/div>\n\t\t\t\t<\/div>\n\t\t\t\t\t\t<\/div>\n\t\t\t\t\t<\/div>\n\t\t<\/div>\n\t\t\t\t\t\t\t\t<\/div>\n\t\t\t\t\t<\/div>\n\t\t<\/section>\n\t\t\t\t<section class=\"elementor-section elementor-top-section elementor-element elementor-element-0688d10 elementor-section-boxed elementor-section-height-default elementor-section-height-default\" data-id=\"0688d10\" data-element_type=\"section\">\n\t\t\t\t\t\t<div class=\"elementor-container elementor-column-gap-default\">\n\t\t\t\t\t\t\t<div class=\"elementor-row\">\n\t\t\t\t\t<div class=\"elementor-column elementor-col-100 elementor-top-column elementor-element elementor-element-8017cf1\" data-id=\"8017cf1\" data-element_type=\"column\">\n\t\t\t<div class=\"elementor-column-wrap elementor-element-populated\">\n\t\t\t\t\t\t\t<div class=\"elementor-widget-wrap\">\n\t\t\t\t\t\t<div class=\"elementor-element elementor-element-9aba636 elementor-widget elementor-widget-text-editor\" data-id=\"9aba636\" data-element_type=\"widget\" data-widget_type=\"text-editor.default\">\n\t\t\t\t<div class=\"elementor-widget-container\">\n\t\t\t\t\t<div class=\"elementor-text-editor elementor-clearfix\"><p><span style=\"font-weight: 400;\">El cabello no se regenera como la piel, por lo que no es posible que se acostumbre a un champ\u00fa. Los expertos aconsejan que si has encontrado el producto y la marca que te funciona, te quedes con ella. <\/span><span style=\"font-weight: 400;\">El problema viene cuando un producto que antes te funcionaba ya no lo hace, los motivos pueden ser diversos (cambio de metabolismo, etc.), entonces es cuando toca buscar otro.<\/span><\/p><\/div>\n\t\t\t\t<\/div>\n\t\t\t\t<\/div>\n\t\t\t\t\t\t<\/div>\n\t\t\t\t\t<\/div>\n\t\t<\/div>\n\t\t\t\t\t\t\t\t<\/div>\n\t\t\t\t\t<\/div>\n\t\t<\/section>\n\t\t\t\t<section class=\"elementor-section elementor-top-section elementor-element elementor-element-7d85cc3 elementor-section-boxed elementor-section-height-default elementor-section-height-default\" data-id=\"7d85cc3\" data-element_type=\"section\">\n\t\t\t\t\t\t<div class=\"elementor-container elementor-column-gap-default\">\n\t\t\t\t\t\t\t<div class=\"elementor-row\">\n\t\t\t\t\t<div class=\"elementor-column elementor-col-100 elementor-top-column elementor-element elementor-element-9d4ce6f\" data-id=\"9d4ce6f\" data-element_type=\"column\">\n\t\t\t<div class=\"elementor-column-wrap elementor-element-populated\">\n\t\t\t\t\t\t\t<div class=\"elementor-widget-wrap\">\n\t\t\t\t\t\t<div class=\"elementor-element elementor-element-43f213b elementor-widget elementor-widget-image\" data-id=\"43f213b\" data-element_type=\"widget\" data-widget_type=\"image.default\">\n\t\t\t\t<div class=\"elementor-widget-container\">\n\t\t\t\t\t<div class=\"elementor-image\">\n\t\t\t\t\t\t\t\t\t\t<img width=\"300\" height=\"300\" src=\"https:\/\/haircutday.com\/b\/wp-content\/uploads\/2023\/01\/HAIRCUT-DAY12-300x300.png\" class=\"attachment-medium size-medium\" alt=\"\" loading=\"lazy\" srcset=\"https:\/\/haircutday.com\/b\/wp-content\/uploads\/2023\/01\/HAIRCUT-DAY12-300x300.png 300w, https:\/\/haircutday.com\/b\/wp-content\/uploads\/2023\/01\/HAIRCUT-DAY12-1024x1024.png 1024w, https:\/\/haircutday.com\/b\/wp-content\/uploads\/2023\/01\/HAIRCUT-DAY12-150x150.png 150w, https:\/\/haircutday.com\/b\/wp-content\/uploads\/2023\/01\/HAIRCUT-DAY12-768x768.png 768w, https:\/\/haircutday.com\/b\/wp-content\/uploads\/2023\/01\/HAIRCUT-DAY12-800x800.png 800w, https:\/\/haircutday.com\/b\/wp-content\/uploads\/2023\/01\/HAIRCUT-DAY12.png 1080w\" sizes=\"(max-width: 300px) 100vw, 300px\" \/>\t\t\t\t\t\t\t\t\t\t\t<\/div>\n\t\t\t\t<\/div>\n\t\t\t\t<\/div>\n\t\t\t\t\t\t<\/div>\n\t\t\t\t\t<\/div>\n\t\t<\/div>\n\t\t\t\t\t\t\t\t<\/div>\n\t\t\t\t\t<\/div>\n\t\t<\/section>\n\t\t\t\t<section class=\"elementor-section elementor-top-section elementor-element elementor-element-a9d9232 elementor-section-boxed elementor-section-height-default elementor-section-height-default\" data-id=\"a9d9232\" data-element_type=\"section\">\n\t\t\t\t\t\t<div class=\"elementor-container elementor-column-gap-default\">\n\t\t\t\t\t\t\t<div class=\"elementor-row\">\n\t\t\t\t\t<div class=\"elementor-column elementor-col-100 elementor-top-column elementor-element elementor-element-d8b0caa\" data-id=\"d8b0caa\" data-element_type=\"column\">\n\t\t\t<div class=\"elementor-column-wrap elementor-element-populated\">\n\t\t\t\t\t\t\t<div class=\"elementor-widget-wrap\">\n\t\t\t\t\t\t<div class=\"elementor-element elementor-element-0b5d314 elementor-widget elementor-widget-text-editor\" data-id=\"0b5d314\" data-element_type=\"widget\" data-widget_type=\"text-editor.default\">\n\t\t\t\t<div class=\"elementor-widget-container\">\n\t\t\t\t\t<div class=\"elementor-text-editor elementor-clearfix\"><p>Los expertos en trucos sobre c\u00f3mo cuidar el cabello te dicen que es\u2026<b> \u00a1Mentira!<\/b><\/p><\/div>\n\t\t\t\t<\/div>\n\t\t\t\t<\/div>\n\t\t\t\t\t\t<\/div>\n\t\t\t\t\t<\/div>\n\t\t<\/div>\n\t\t\t\t\t\t\t\t<\/div>\n\t\t\t\t\t<\/div>\n\t\t<\/section>\n\t\t\t\t<section class=\"elementor-section elementor-top-section elementor-element elementor-element-880f97c elementor-section-boxed elementor-section-height-default elementor-section-height-default\" data-id=\"880f97c\" data-element_type=\"section\">\n\t\t\t\t\t\t<div class=\"elementor-container elementor-column-gap-default\">\n\t\t\t\t\t\t\t<div class=\"elementor-row\">\n\t\t\t\t\t<div class=\"elementor-column elementor-col-100 elementor-top-column elementor-element elementor-element-6cbeeef\" data-id=\"6cbeeef\" data-element_type=\"column\">\n\t\t\t<div class=\"elementor-column-wrap elementor-element-populated\">\n\t\t\t\t\t\t\t<div class=\"elementor-widget-wrap\">\n\t\t\t\t\t\t<div class=\"elementor-element elementor-element-08fc3d4 elementor-widget elementor-widget-heading\" data-id=\"08fc3d4\" data-element_type=\"widget\" data-widget_type=\"heading.default\">\n\t\t\t\t<div class=\"elementor-widget-container\">\n\t\t\t<h2 class=\"elementor-heading-title elementor-size-default\">\"Cuanto m\u00e1s tiempo dejo la mascarilla, mayor es el efecto\"<\/h2>\t\t<\/div>\n\t\t\t\t<\/div>\n\t\t\t\t\t\t<\/div>\n\t\t\t\t\t<\/div>\n\t\t<\/div>\n\t\t\t\t\t\t\t\t<\/div>\n\t\t\t\t\t<\/div>\n\t\t<\/section>\n\t\t\t\t<section class=\"elementor-section elementor-top-section elementor-element elementor-element-5fa4d5ca elementor-section-boxed elementor-section-height-default elementor-section-height-default\" data-id=\"5fa4d5ca\" data-element_type=\"section\">\n\t\t\t\t\t\t<div class=\"elementor-container elementor-column-gap-default\">\n\t\t\t\t\t\t\t<div class=\"elementor-row\">\n\t\t\t\t\t<div class=\"elementor-column elementor-col-100 elementor-top-column elementor-element elementor-element-116d24d\" data-id=\"116d24d\" data-element_type=\"column\">\n\t\t\t<div class=\"elementor-column-wrap elementor-element-populated\">\n\t\t\t\t\t\t\t<div class=\"elementor-widget-wrap\">\n\t\t\t\t\t\t<div class=\"elementor-element elementor-element-356e641b elementor-widget elementor-widget-text-editor\" data-id=\"356e641b\" data-element_type=\"widget\" data-widget_type=\"text-editor.default\">\n\t\t\t\t<div class=\"elementor-widget-container\">\n\t\t\t\t\t<div class=\"elementor-text-editor elementor-clearfix\"><p><span style=\"font-weight: 400;\">Las mascarillas tienen un determinado tiempo de acci\u00f3n efectiva, que es el recomendado por la propia marca, dejarlo m\u00e1s tiempo del necesario no aporta ninguna ventaja, al contrario, la melena podr\u00eda sufrir un exceso de grasa.<\/span><\/p><\/div>\n\t\t\t\t<\/div>\n\t\t\t\t<\/div>\n\t\t\t\t\t\t<\/div>\n\t\t\t\t\t<\/div>\n\t\t<\/div>\n\t\t\t\t\t\t\t\t<\/div>\n\t\t\t\t\t<\/div>\n\t\t<\/section>\n\t\t\t\t<section class=\"elementor-section elementor-top-section elementor-element elementor-element-99f8580 elementor-section-boxed elementor-section-height-default elementor-section-height-default\" data-id=\"99f8580\" data-element_type=\"section\">\n\t\t\t\t\t\t<div class=\"elementor-container elementor-column-gap-default\">\n\t\t\t\t\t\t\t<div class=\"elementor-row\">\n\t\t\t\t\t<div class=\"elementor-column elementor-col-100 elementor-top-column elementor-element elementor-element-54257fb\" data-id=\"54257fb\" data-element_type=\"column\">\n\t\t\t<div class=\"elementor-column-wrap elementor-element-populated\">\n\t\t\t\t\t\t\t<div class=\"elementor-widget-wrap\">\n\t\t\t\t\t\t<div class=\"elementor-element elementor-element-c54ebd7 elementor-arrows-position-inside elementor-pagination-position-outside elementor-widget elementor-widget-image-carousel\" data-id=\"c54ebd7\" data-element_type=\"widget\" data-settings=\"{&quot;navigation&quot;:&quot;both&quot;,&quot;autoplay&quot;:&quot;yes&quot;,&quot;pause_on_hover&quot;:&quot;yes&quot;,&quot;pause_on_interaction&quot;:&quot;yes&quot;,&quot;autoplay_speed&quot;:5000,&quot;infinite&quot;:&quot;yes&quot;,&quot;speed&quot;:500}\" data-widget_type=\"image-carousel.default\">\n\t\t\t\t<div class=\"elementor-widget-container\">\n\t\t\t\t\t<div class=\"elementor-image-carousel-wrapper swiper-container\" dir=\"ltr\">\n\t\t\t<div class=\"elementor-image-carousel swiper-wrapper\">\n\t\t\t\t<div class=\"swiper-slide\"><figure class=\"swiper-slide-inner\"><img class=\"swiper-slide-image\" src=\"https:\/\/haircutday.com\/b\/wp-content\/uploads\/2023\/01\/HAIRCUT-DAY4-150x150.png\" alt=\"Davroe MCT\" \/><figcaption class=\"elementor-image-carousel-caption\">Davroe MCT<\/figcaption><\/figure><\/div><div class=\"swiper-slide\"><figure class=\"swiper-slide-inner\"><img class=\"swiper-slide-image\" src=\"https:\/\/haircutday.com\/b\/wp-content\/uploads\/2023\/01\/HAIRCUT-DAY7-150x150.png\" alt=\"K\u00e9rastase Discipline\" \/><figcaption class=\"elementor-image-carousel-caption\">K\u00e9rastase Discipline<\/figcaption><\/figure><\/div><div class=\"swiper-slide\"><figure class=\"swiper-slide-inner\"><img class=\"swiper-slide-image\" src=\"https:\/\/haircutday.com\/b\/wp-content\/uploads\/2023\/01\/HAIRCUT-DAY6-150x150.png\" alt=\"Moroccain Oil Smooth\" \/><figcaption class=\"elementor-image-carousel-caption\">Moroccain Oil Smooth<\/figcaption><\/figure><\/div><div class=\"swiper-slide\"><figure class=\"swiper-slide-inner\"><img class=\"swiper-slide-image\" src=\"https:\/\/haircutday.com\/b\/wp-content\/uploads\/2023\/01\/HAIRCUT-DAY9-150x150.png\" alt=\"K\u00e9rastase Genesis\" \/><figcaption class=\"elementor-image-carousel-caption\">K\u00e9rastase Genesis<\/figcaption><\/figure><\/div>\t\t\t<\/div>\n\t\t\t\t\t\t\t\t\t\t\t\t<div class=\"swiper-pagination\"><\/div>\n\t\t\t\t\t\t\t\t\t\t\t\t\t<div class=\"elementor-swiper-button elementor-swiper-button-prev\">\n\t\t\t\t\t\t<i class=\"eicon-chevron-left\" aria-hidden=\"true\"><\/i>\n\t\t\t\t\t\t<span class=\"elementor-screen-only\">Anterior<\/span>\n\t\t\t\t\t<\/div>\n\t\t\t\t\t<div class=\"elementor-swiper-button elementor-swiper-button-next\">\n\t\t\t\t\t\t<i class=\"eicon-chevron-right\" aria-hidden=\"true\"><\/i>\n\t\t\t\t\t\t<span class=\"elementor-screen-only\">Siguiente<\/span>\n\t\t\t\t\t<\/div>\n\t\t\t\t\t\t\t\t\t<\/div>\n\t\t\t\t<\/div>\n\t\t\t\t<\/div>\n\t\t\t\t\t\t<\/div>\n\t\t\t\t\t<\/div>\n\t\t<\/div>\n\t\t\t\t\t\t\t\t<\/div>\n\t\t\t\t\t<\/div>\n\t\t<\/section>\n\t\t\t\t<section class=\"elementor-section elementor-top-section elementor-element elementor-element-5346591 elementor-section-boxed elementor-section-height-default elementor-section-height-default\" data-id=\"5346591\" data-element_type=\"section\">\n\t\t\t\t\t\t<div class=\"elementor-container elementor-column-gap-default\">\n\t\t\t\t\t\t\t<div class=\"elementor-row\">\n\t\t\t\t\t<div class=\"elementor-column elementor-col-100 elementor-top-column elementor-element elementor-element-590eb89\" data-id=\"590eb89\" data-element_type=\"column\">\n\t\t\t<div class=\"elementor-column-wrap elementor-element-populated\">\n\t\t\t\t\t\t\t<div class=\"elementor-widget-wrap\">\n\t\t\t\t\t\t<div class=\"elementor-element elementor-element-727f212 elementor-widget elementor-widget-text-editor\" data-id=\"727f212\" data-element_type=\"widget\" data-widget_type=\"text-editor.default\">\n\t\t\t\t<div class=\"elementor-widget-container\">\n\t\t\t\t\t<div class=\"elementor-text-editor elementor-clearfix\"><p>Los expertos en trucos sobre c\u00f3mo cuidar el cabelo te dicen que es&#8230; <b>\u00a1<\/b><strong>Mentira!<\/strong><\/p><\/div>\n\t\t\t\t<\/div>\n\t\t\t\t<\/div>\n\t\t\t\t\t\t<\/div>\n\t\t\t\t\t<\/div>\n\t\t<\/div>\n\t\t\t\t\t\t\t\t<\/div>\n\t\t\t\t\t<\/div>\n\t\t<\/section>\n\t\t\t\t<section class=\"elementor-section elementor-top-section elementor-element elementor-element-6878c0b elementor-section-boxed elementor-section-height-default elementor-section-height-default\" data-id=\"6878c0b\" data-element_type=\"section\">\n\t\t\t\t\t\t<div class=\"elementor-container elementor-column-gap-default\">\n\t\t\t\t\t\t\t<div class=\"elementor-row\">\n\t\t\t\t\t<div class=\"elementor-column elementor-col-100 elementor-top-column elementor-element elementor-element-a1976c4\" data-id=\"a1976c4\" data-element_type=\"column\">\n\t\t\t<div class=\"elementor-column-wrap elementor-element-populated\">\n\t\t\t\t\t\t\t<div class=\"elementor-widget-wrap\">\n\t\t\t\t\t\t<div class=\"elementor-element elementor-element-1c80ea3 elementor-widget elementor-widget-heading\" data-id=\"1c80ea3\" data-element_type=\"widget\" data-widget_type=\"heading.default\">\n\t\t\t\t<div class=\"elementor-widget-container\">\n\t\t\t<h2 class=\"elementor-heading-title elementor-size-default\">\"Arrancarse una cana hace que no salga m\u00e1s\"<\/h2>\t\t<\/div>\n\t\t\t\t<\/div>\n\t\t\t\t\t\t<\/div>\n\t\t\t\t\t<\/div>\n\t\t<\/div>\n\t\t\t\t\t\t\t\t<\/div>\n\t\t\t\t\t<\/div>\n\t\t<\/section>\n\t\t\t\t<section class=\"elementor-section elementor-top-section elementor-element elementor-element-7006c58 elementor-section-boxed elementor-section-height-default elementor-section-height-default\" data-id=\"7006c58\" data-element_type=\"section\">\n\t\t\t\t\t\t<div class=\"elementor-container elementor-column-gap-default\">\n\t\t\t\t\t\t\t<div class=\"elementor-row\">\n\t\t\t\t\t<div class=\"elementor-column elementor-col-100 elementor-top-column elementor-element elementor-element-4111aea\" data-id=\"4111aea\" data-element_type=\"column\">\n\t\t\t<div class=\"elementor-column-wrap elementor-element-populated\">\n\t\t\t\t\t\t\t<div class=\"elementor-widget-wrap\">\n\t\t\t\t\t\t<div class=\"elementor-element elementor-element-84a6d5d elementor-widget elementor-widget-text-editor\" data-id=\"84a6d5d\" data-element_type=\"widget\" data-widget_type=\"text-editor.default\">\n\t\t\t\t<div class=\"elementor-widget-container\">\n\t\t\t\t\t<div class=\"elementor-text-editor elementor-clearfix\"><p>Adem\u00e1s de que es un mito, si persistes en arrancarte esa cana que te molesta, puedes provocar el efecto contrario, que ese cabello no te vuelva a crecer m\u00e1s, \u00a1seguro que Yazemeenah Rossi no luce esta melena por arrancarse las canas! As\u00ed que, si quieres dejar de verte esa cana que tanto te molesta pide asesoramiento en tu sal\u00f3n de confianza, ellos sabr\u00e1n darte posibles soluciones de coloraci\u00f3n para tu cabello.\u00a0<\/p><\/div>\n\t\t\t\t<\/div>\n\t\t\t\t<\/div>\n\t\t\t\t\t\t<\/div>\n\t\t\t\t\t<\/div>\n\t\t<\/div>\n\t\t\t\t\t\t\t\t<\/div>\n\t\t\t\t\t<\/div>\n\t\t<\/section>\n\t\t\t\t<section class=\"elementor-section elementor-top-section elementor-element elementor-element-5c35ed0 elementor-section-boxed elementor-section-height-default elementor-section-height-default\" data-id=\"5c35ed0\" data-element_type=\"section\">\n\t\t\t\t\t\t<div class=\"elementor-container elementor-column-gap-default\">\n\t\t\t\t\t\t\t<div class=\"elementor-row\">\n\t\t\t\t\t<div class=\"elementor-column elementor-col-100 elementor-top-column elementor-element elementor-element-209f5a5\" data-id=\"209f5a5\" data-element_type=\"column\">\n\t\t\t<div class=\"elementor-column-wrap elementor-element-populated\">\n\t\t\t\t\t\t\t<div class=\"elementor-widget-wrap\">\n\t\t\t\t\t\t<div class=\"elementor-element elementor-element-3af122c elementor-widget elementor-widget-image\" data-id=\"3af122c\" data-element_type=\"widget\" data-widget_type=\"image.default\">\n\t\t\t\t<div class=\"elementor-widget-container\">\n\t\t\t\t\t<div class=\"elementor-image\">\n\t\t\t\t\t\t\t\t\t\t<img width=\"300\" height=\"300\" src=\"https:\/\/haircutday.com\/b\/wp-content\/uploads\/2023\/01\/HAIRCUT-DAY13-300x300.png\" class=\"attachment-medium size-medium\" alt=\"\" loading=\"lazy\" srcset=\"https:\/\/haircutday.com\/b\/wp-content\/uploads\/2023\/01\/HAIRCUT-DAY13-300x300.png 300w, https:\/\/haircutday.com\/b\/wp-content\/uploads\/2023\/01\/HAIRCUT-DAY13-1024x1024.png 1024w, https:\/\/haircutday.com\/b\/wp-content\/uploads\/2023\/01\/HAIRCUT-DAY13-150x150.png 150w, https:\/\/haircutday.com\/b\/wp-content\/uploads\/2023\/01\/HAIRCUT-DAY13-768x768.png 768w, https:\/\/haircutday.com\/b\/wp-content\/uploads\/2023\/01\/HAIRCUT-DAY13-800x800.png 800w, https:\/\/haircutday.com\/b\/wp-content\/uploads\/2023\/01\/HAIRCUT-DAY13.png 1080w\" sizes=\"(max-width: 300px) 100vw, 300px\" \/>\t\t\t\t\t\t\t\t\t\t\t<\/div>\n\t\t\t\t<\/div>\n\t\t\t\t<\/div>\n\t\t\t\t\t\t<\/div>\n\t\t\t\t\t<\/div>\n\t\t<\/div>\n\t\t\t\t\t\t\t\t<\/div>\n\t\t\t\t\t<\/div>\n\t\t<\/section>\n\t\t\t\t<section class=\"elementor-section elementor-top-section elementor-element elementor-element-7b73861 elementor-section-boxed elementor-section-height-default elementor-section-height-default\" data-id=\"7b73861\" data-element_type=\"section\">\n\t\t\t\t\t\t<div class=\"elementor-container elementor-column-gap-default\">\n\t\t\t\t\t\t\t<div class=\"elementor-row\">\n\t\t\t\t\t<div class=\"elementor-column elementor-col-100 elementor-top-column elementor-element elementor-element-514f4c7\" data-id=\"514f4c7\" data-element_type=\"column\">\n\t\t\t<div class=\"elementor-column-wrap elementor-element-populated\">\n\t\t\t\t\t\t\t<div class=\"elementor-widget-wrap\">\n\t\t\t\t\t\t<div class=\"elementor-element elementor-element-d248da9 elementor-widget elementor-widget-text-editor\" data-id=\"d248da9\" data-element_type=\"widget\" data-widget_type=\"text-editor.default\">\n\t\t\t\t<div class=\"elementor-widget-container\">\n\t\t\t\t\t<div class=\"elementor-text-editor elementor-clearfix\"><p>Los expertos en trucos sobre c\u00f3mo cuidar el cabello te dicen que es\u2026 <b>\u00a1Mentira!<\/b><\/p><\/div>\n\t\t\t\t<\/div>\n\t\t\t\t<\/div>\n\t\t\t\t\t\t<\/div>\n\t\t\t\t\t<\/div>\n\t\t<\/div>\n\t\t\t\t\t\t\t\t<\/div>\n\t\t\t\t\t<\/div>\n\t\t<\/section>\n\t\t\t\t<section class=\"elementor-section elementor-top-section elementor-element elementor-element-996c893 elementor-section-boxed elementor-section-height-default elementor-section-height-default\" data-id=\"996c893\" data-element_type=\"section\">\n\t\t\t\t\t\t<div class=\"elementor-container elementor-column-gap-default\">\n\t\t\t\t\t\t\t<div class=\"elementor-row\">\n\t\t\t\t\t<div class=\"elementor-column elementor-col-100 elementor-top-column elementor-element elementor-element-9617e2e\" data-id=\"9617e2e\" data-element_type=\"column\">\n\t\t\t<div class=\"elementor-column-wrap elementor-element-populated\">\n\t\t\t\t\t\t\t<div class=\"elementor-widget-wrap\">\n\t\t\t\t\t\t<div class=\"elementor-element elementor-element-95d7b01 elementor-widget elementor-widget-heading\" data-id=\"95d7b01\" data-element_type=\"widget\" data-widget_type=\"heading.default\">\n\t\t\t\t<div class=\"elementor-widget-container\">\n\t\t\t<h2 class=\"elementor-heading-title elementor-size-default\">Nuestros salones Hair Cut Day<\/h2>\t\t<\/div>\n\t\t\t\t<\/div>\n\t\t\t\t\t\t<\/div>\n\t\t\t\t\t<\/div>\n\t\t<\/div>\n\t\t\t\t\t\t\t\t<\/div>\n\t\t\t\t\t<\/div>\n\t\t<\/section>\n\t\t\t\t<section class=\"elementor-section elementor-top-section elementor-element elementor-element-1281c5a elementor-section-boxed elementor-section-height-default elementor-section-height-default\" data-id=\"1281c5a\" data-element_type=\"section\">\n\t\t\t\t\t\t<div class=\"elementor-container elementor-column-gap-default\">\n\t\t\t\t\t\t\t<div class=\"elementor-row\">\n\t\t\t\t\t<div class=\"elementor-column elementor-col-100 elementor-top-column elementor-element elementor-element-1338291\" data-id=\"1338291\" data-element_type=\"column\">\n\t\t\t<div class=\"elementor-column-wrap elementor-element-populated\">\n\t\t\t\t\t\t\t<div class=\"elementor-widget-wrap\">\n\t\t\t\t\t\t<div class=\"elementor-element elementor-element-a3a9954 elementor-widget elementor-widget-text-editor\" data-id=\"a3a9954\" data-element_type=\"widget\" data-widget_type=\"text-editor.default\">\n\t\t\t\t<div class=\"elementor-widget-container\">\n\t\t\t\t\t<div class=\"elementor-text-editor elementor-clearfix\"><p>En <strong>Hair Cut Day<\/strong> disponemos de tres salones de belleza ubicados en la zona alta de Barcelona con un decorado vanguardista que refleja\u00a0 innovaci\u00f3n y la est\u00e9tica contempor\u00e1nea, donde trabajan\u00a0 el mejor equipo de profesionales expertos en cuidado capilar. <strong>Visita nuestros salones en el centro de Barcelona:<\/strong><\/p><p><strong>C\/ Arag\u00f3n 287, L\u2019Example, 08009\u00a0 \u00a0 \u00a0 \u00a0 \u00a0 \u00a0 \u00a0 \u00a0 \u00a0 \u00a0 \u00a0 \u00a0 \u00a0Tel; 938 53 33 71<\/strong><\/p><p><strong>Avenida Diagonal 511, Les Corts 08029\u00a0 \u00a0 \u00a0 \u00a0 \u00a0 \u00a0 \u00a0Tel; 931 46 33 13<\/strong><\/p><p><strong>Pl. del dr Letamendi, 29, L\u2019Eixample, 08007\u00a0 \u00a0 \u00a0 \u00a0Tel; 931 46 35 10<\/strong><\/p><\/div>\n\t\t\t\t<\/div>\n\t\t\t\t<\/div>\n\t\t\t\t\t\t<\/div>\n\t\t\t\t\t<\/div>\n\t\t<\/div>\n\t\t\t\t\t\t\t\t<\/div>\n\t\t\t\t\t<\/div>\n\t\t<\/section>\n\t\t\t\t<section class=\"elementor-section elementor-top-section elementor-element elementor-element-fe5eec1 elementor-section-boxed elementor-section-height-default elementor-section-height-default\" data-id=\"fe5eec1\" data-element_type=\"section\">\n\t\t\t\t\t\t<div class=\"elementor-container elementor-column-gap-default\">\n\t\t\t\t\t\t\t<div class=\"elementor-row\">\n\t\t\t\t\t<div class=\"elementor-column elementor-col-100 elementor-top-column elementor-element elementor-element-c08a2cb\" data-id=\"c08a2cb\" data-element_type=\"column\">\n\t\t\t<div class=\"elementor-column-wrap elementor-element-populated\">\n\t\t\t\t\t\t\t<div class=\"elementor-widget-wrap\">\n\t\t\t\t\t\t<div class=\"elementor-element elementor-element-b9f5c2d elementor-arrows-position-inside elementor-pagination-position-outside elementor-widget elementor-widget-image-carousel\" data-id=\"b9f5c2d\" data-element_type=\"widget\" data-settings=\"{&quot;navigation&quot;:&quot;both&quot;,&quot;autoplay&quot;:&quot;yes&quot;,&quot;pause_on_hover&quot;:&quot;yes&quot;,&quot;pause_on_interaction&quot;:&quot;yes&quot;,&quot;autoplay_speed&quot;:5000,&quot;infinite&quot;:&quot;yes&quot;,&quot;speed&quot;:500}\" data-widget_type=\"image-carousel.default\">\n\t\t\t\t<div class=\"elementor-widget-container\">\n\t\t\t\t\t<div class=\"elementor-image-carousel-wrapper swiper-container\" dir=\"ltr\">\n\t\t\t<div class=\"elementor-image-carousel swiper-wrapper\">\n\t\t\t\t<div class=\"swiper-slide\"><figure class=\"swiper-slide-inner\"><img class=\"swiper-slide-image\" src=\"https:\/\/haircutday.com\/b\/wp-content\/uploads\/2024\/01\/Imagen-de-WhatsApp-2024-05-13-a-las-18.31.08_4255deee-e1715618412652-150x150.jpg\" alt=\"barber\u00eda barcelona\" \/><\/figure><\/div><div class=\"swiper-slide\"><figure class=\"swiper-slide-inner\"><img class=\"swiper-slide-image\" src=\"https:\/\/haircutday.com\/b\/wp-content\/uploads\/2023\/06\/WhatsApp-Image-2023-06-08-at-13.32.37-150x150.jpeg\" alt=\"centro de est\u00e9tica cerca de mi\" \/><\/figure><\/div><div class=\"swiper-slide\"><figure class=\"swiper-slide-inner\"><img class=\"swiper-slide-image\" src=\"https:\/\/haircutday.com\/b\/wp-content\/uploads\/2023\/02\/WhatsApp-Image-2023-09-29-at-13.34.20-1-150x150.jpeg\" alt=\"Zona privada para musulmanas peluquer\u00eda\" \/><\/figure><\/div><div class=\"swiper-slide\"><figure class=\"swiper-slide-inner\"><img class=\"swiper-slide-image\" src=\"https:\/\/haircutday.com\/b\/wp-content\/uploads\/2023\/06\/WhatsApp-Image-2023-06-08-at-14.07.41-150x150.jpeg\" alt=\"MEJOR PELUQUER\u00cdA CERCA DE M\u00cd\" \/><\/figure><\/div><div class=\"swiper-slide\"><figure class=\"swiper-slide-inner\"><img class=\"swiper-slide-image\" src=\"https:\/\/haircutday.com\/b\/wp-content\/uploads\/2023\/06\/WhatsApp-Image-2023-06-08-at-13.59.40-150x150.jpeg\" alt=\"Peluquer\u00eda mas TOP de Barcelona\" \/><\/figure><\/div>\t\t\t<\/div>\n\t\t\t\t\t\t\t\t\t\t\t\t<div class=\"swiper-pagination\"><\/div>\n\t\t\t\t\t\t\t\t\t\t\t\t\t<div class=\"elementor-swiper-button elementor-swiper-button-prev\">\n\t\t\t\t\t\t<i class=\"eicon-chevron-left\" aria-hidden=\"true\"><\/i>\n\t\t\t\t\t\t<span class=\"elementor-screen-only\">Anterior<\/span>\n\t\t\t\t\t<\/div>\n\t\t\t\t\t<div class=\"elementor-swiper-button elementor-swiper-button-next\">\n\t\t\t\t\t\t<i class=\"eicon-chevron-right\" aria-hidden=\"true\"><\/i>\n\t\t\t\t\t\t<span class=\"elementor-screen-only\">Siguiente<\/span>\n\t\t\t\t\t<\/div>\n\t\t\t\t\t\t\t\t\t<\/div>\n\t\t\t\t<\/div>\n\t\t\t\t<\/div>\n\t\t\t\t\t\t<\/div>\n\t\t\t\t\t<\/div>\n\t\t<\/div>\n\t\t\t\t\t\t\t\t<\/div>\n\t\t\t\t\t<\/div>\n\t\t<\/section>\n\t\t\t\t<section class=\"elementor-section elementor-top-section elementor-element elementor-element-26ae9f2 elementor-section-boxed elementor-section-height-default elementor-section-height-default\" data-id=\"26ae9f2\" data-element_type=\"section\">\n\t\t\t\t\t\t<div class=\"elementor-container elementor-column-gap-default\">\n\t\t\t\t\t\t\t<div class=\"elementor-row\">\n\t\t\t\t\t<div class=\"elementor-column elementor-col-100 elementor-top-column elementor-element elementor-element-53d621a\" data-id=\"53d621a\" data-element_type=\"column\">\n\t\t\t<div class=\"elementor-column-wrap elementor-element-populated\">\n\t\t\t\t\t\t\t<div class=\"elementor-widget-wrap\">\n\t\t\t\t\t\t<div class=\"elementor-element elementor-element-783c981 elementor-widget elementor-widget-text-editor\" data-id=\"783c981\" data-element_type=\"widget\" data-widget_type=\"text-editor.default\">\n\t\t\t\t<div class=\"elementor-widget-container\">\n\t\t\t\t\t<div class=\"elementor-text-editor elementor-clearfix\"><p>Descubre los diversos tipos de tratamientos que <a href=\"https:\/\/haircutday.com\/peluqueria-mujer-barcelona\/tratamientos-capilares-barcelona\"><strong>Hair Cut Day<\/strong><\/a> visitando nuestra p\u00e1gina web. \u00bfTodav\u00eda tienes dudas? \u00a1No te pierdas los miles de resultados a trav\u00e9s de Instagram tanto de peluquer\u00eda <em><strong>@haircutday<\/strong><\/em> como de est\u00e9tica <em><strong>@hcdbeauty<\/strong><\/em>! Te esperamos.<\/p><\/div>\n\t\t\t\t<\/div>\n\t\t\t\t<\/div>\n\t\t\t\t\t\t<\/div>\n\t\t\t\t\t<\/div>\n\t\t<\/div>\n\t\t\t\t\t\t\t\t<\/div>\n\t\t\t\t\t<\/div>\n\t\t<\/section>\n\t\t\t\t\t\t<\/div>\n\t\t\t\t\t\t<\/div>\n\t\t\t\t\t<\/div>\n\t\t","protected":false},"excerpt":{"rendered":"<p>Esta semana desde el blog de HCD os vamos a desmontar algunos mitos que siempre cre\u00edmos sobre c\u00f3mo cuidar el cabello, \u00bflistos para pasar el test de la verdad capilar?<\/p>\n","protected":false},"author":1,"featured_media":6011,"comment_status":"open","ping_status":"open","sticky":false,"template":"","format":"standard","meta":[],"categories":[85],"tags":[12,14,13,11],"yoast_head":"<!-- This site is optimized with the Yoast SEO plugin v15.6.2 - https:\/\/yoast.com\/wordpress\/plugins\/seo\/ -->\n<title>8 trucos sobre c\u00f3mo cuidar el cabello: Verdades y mentiras que debes saber | HairCutDay %<\/title>\n<meta name=\"description\" content=\"Esta semana desde el blog de HCD os vamos a desmontar algunos mitos, que siempre cre\u00edmos, sobre c\u00f3mo cuidar el cabello.\" \/>\n<meta name=\"robots\" content=\"index, follow, max-snippet:-1, max-image-preview:large, max-video-preview:-1\" \/>\n<link rel=\"canonical\" href=\"https:\/\/haircutday.com\/b\/8-trucos-sobre-como-cuidar-el-cabello-verdades-y-mentiras-que-debes-saber\" \/>\n<meta property=\"og:locale\" content=\"es_ES\" \/>\n<meta property=\"og:type\" content=\"article\" \/>\n<meta property=\"og:title\" content=\"8 trucos sobre c\u00f3mo cuidar el cabello: Verdades y mentiras que debes saber | HairCutDay %\" \/>\n<meta property=\"og:description\" content=\"Esta semana desde el blog de HCD os vamos a desmontar algunos mitos, que siempre cre\u00edmos, sobre c\u00f3mo cuidar el cabello.\" \/>\n<meta property=\"og:url\" content=\"https:\/\/haircutday.com\/b\/8-trucos-sobre-como-cuidar-el-cabello-verdades-y-mentiras-que-debes-saber\" \/>\n<meta property=\"og:site_name\" content=\"Blog de tendencias | Hair Cut Day\" \/>\n<meta property=\"article:publisher\" content=\"https:\/\/www.facebook.com\/haircutdaybcn\/\" \/>\n<meta property=\"article:published_time\" content=\"2023-01-01T11:01:23+00:00\" \/>\n<meta property=\"article:modified_time\" content=\"2024-06-27T12:51:46+00:00\" \/>\n<meta property=\"og:image\" content=\"https:\/\/haircutday.com\/b\/wp-content\/uploads\/2023\/09\/WhatsApp-Image-2023-09-29-at-13.53.07-2.jpeg\" \/>\n\t<meta property=\"og:image:width\" content=\"1066\" \/>\n\t<meta property=\"og:image:height\" content=\"1600\" \/>\n<meta name=\"twitter:card\" content=\"summary_large_image\" \/>\n<meta name=\"twitter:creator\" content=\"@haircutday\" \/>\n<meta name=\"twitter:site\" content=\"@haircutday\" \/>\n<meta name=\"twitter:label1\" content=\"Tiempo de lectura\">\n\t<meta name=\"twitter:data1\" content=\"11 minutos\">\n<script type=\"application\/ld+json\" class=\"yoast-schema-graph\">{\"@context\":\"https:\/\/schema.org\",\"@graph\":[{\"@type\":\"Organization\",\"@id\":\"https:\/\/haircutday.com\/b\/#organization\",\"name\":\"Hair Cut Day\",\"url\":\"https:\/\/haircutday.com\/b\/\",\"sameAs\":[\"https:\/\/www.facebook.com\/haircutdaybcn\/\",\"https:\/\/www.instagram.com\/haircutday\/\",\"https:\/\/twitter.com\/haircutday\"],\"logo\":{\"@type\":\"ImageObject\",\"@id\":\"https:\/\/haircutday.com\/b\/#logo\",\"inLanguage\":\"es\",\"url\":\"https:\/\/haircutday.com\/b\/wp-content\/uploads\/2019\/07\/blog-de-lepetitsalon-logo.png\",\"width\":350,\"height\":87,\"caption\":\"Hair Cut Day\"},\"image\":{\"@id\":\"https:\/\/haircutday.com\/b\/#logo\"}},{\"@type\":\"WebSite\",\"@id\":\"https:\/\/haircutday.com\/b\/#website\",\"url\":\"https:\/\/haircutday.com\/b\/\",\"name\":\"Blog de tendencias | Hair Cut Day\",\"description\":\"Descubre las \\u00faltimas tendencias en peluquer\\u00eda, est\\u00e9tica y moda. Blog de Hair Cut Day.\",\"publisher\":{\"@id\":\"https:\/\/haircutday.com\/b\/#organization\"},\"potentialAction\":[{\"@type\":\"SearchAction\",\"target\":\"https:\/\/haircutday.com\/b\/?s={search_term_string}\",\"query-input\":\"required name=search_term_string\"}],\"inLanguage\":\"es\"},{\"@type\":\"ImageObject\",\"@id\":\"https:\/\/haircutday.com\/b\/8-trucos-sobre-como-cuidar-el-cabello-verdades-y-mentiras-que-debes-saber#primaryimage\",\"inLanguage\":\"es\",\"url\":\"https:\/\/haircutday.com\/b\/wp-content\/uploads\/2023\/09\/WhatsApp-Image-2023-09-29-at-13.53.07-2.jpeg\",\"width\":1066,\"height\":1600},{\"@type\":\"WebPage\",\"@id\":\"https:\/\/haircutday.com\/b\/8-trucos-sobre-como-cuidar-el-cabello-verdades-y-mentiras-que-debes-saber#webpage\",\"url\":\"https:\/\/haircutday.com\/b\/8-trucos-sobre-como-cuidar-el-cabello-verdades-y-mentiras-que-debes-saber\",\"name\":\"8 trucos sobre c\\u00f3mo cuidar el cabello: Verdades y mentiras que debes saber | HairCutDay %\",\"isPartOf\":{\"@id\":\"https:\/\/haircutday.com\/b\/#website\"},\"primaryImageOfPage\":{\"@id\":\"https:\/\/haircutday.com\/b\/8-trucos-sobre-como-cuidar-el-cabello-verdades-y-mentiras-que-debes-saber#primaryimage\"},\"datePublished\":\"2023-01-01T11:01:23+00:00\",\"dateModified\":\"2024-06-27T12:51:46+00:00\",\"description\":\"Esta semana desde el blog de HCD os vamos a desmontar algunos mitos, que siempre cre\\u00edmos, sobre c\\u00f3mo cuidar el cabello.\",\"breadcrumb\":{\"@id\":\"https:\/\/haircutday.com\/b\/8-trucos-sobre-como-cuidar-el-cabello-verdades-y-mentiras-que-debes-saber#breadcrumb\"},\"inLanguage\":\"es\",\"potentialAction\":[{\"@type\":\"ReadAction\",\"target\":[\"https:\/\/haircutday.com\/b\/8-trucos-sobre-como-cuidar-el-cabello-verdades-y-mentiras-que-debes-saber\"]}]},{\"@type\":\"BreadcrumbList\",\"@id\":\"https:\/\/haircutday.com\/b\/8-trucos-sobre-como-cuidar-el-cabello-verdades-y-mentiras-que-debes-saber#breadcrumb\",\"itemListElement\":[{\"@type\":\"ListItem\",\"position\":1,\"item\":{\"@type\":\"WebPage\",\"@id\":\"https:\/\/haircutday.com\/b\",\"url\":\"https:\/\/haircutday.com\/b\",\"name\":\"Blog\"}},{\"@type\":\"ListItem\",\"position\":2,\"item\":{\"@type\":\"WebPage\",\"@id\":\"https:\/\/haircutday.com\/b\/8-trucos-sobre-como-cuidar-el-cabello-verdades-y-mentiras-que-debes-saber\",\"url\":\"https:\/\/haircutday.com\/b\/8-trucos-sobre-como-cuidar-el-cabello-verdades-y-mentiras-que-debes-saber\",\"name\":\"8 trucos sobre c\\u00f3mo cuidar el cabello: Verdades y mentiras que debes saber\"}}]},{\"@type\":\"Article\",\"@id\":\"https:\/\/haircutday.com\/b\/8-trucos-sobre-como-cuidar-el-cabello-verdades-y-mentiras-que-debes-saber#article\",\"isPartOf\":{\"@id\":\"https:\/\/haircutday.com\/b\/8-trucos-sobre-como-cuidar-el-cabello-verdades-y-mentiras-que-debes-saber#webpage\"},\"author\":{\"@id\":\"https:\/\/haircutday.com\/b\/#\/schema\/person\/fb38808d0595e57a3810da9f685e8a6f\"},\"headline\":\"8 trucos sobre c\\u00f3mo cuidar el cabello: Verdades y mentiras que debes saber\",\"datePublished\":\"2023-01-01T11:01:23+00:00\",\"dateModified\":\"2024-06-27T12:51:46+00:00\",\"mainEntityOfPage\":{\"@id\":\"https:\/\/haircutday.com\/b\/8-trucos-sobre-como-cuidar-el-cabello-verdades-y-mentiras-que-debes-saber#webpage\"},\"commentCount\":0,\"publisher\":{\"@id\":\"https:\/\/haircutday.com\/b\/#organization\"},\"image\":{\"@id\":\"https:\/\/haircutday.com\/b\/8-trucos-sobre-como-cuidar-el-cabello-verdades-y-mentiras-que-debes-saber#primaryimage\"},\"keywords\":\"cabello,mitos,tintes,trucos\",\"articleSection\":\"Peluquer\\u00eda\",\"inLanguage\":\"es\",\"potentialAction\":[{\"@type\":\"CommentAction\",\"name\":\"Comment\",\"target\":[\"https:\/\/haircutday.com\/b\/8-trucos-sobre-como-cuidar-el-cabello-verdades-y-mentiras-que-debes-saber#respond\"]}]},{\"@type\":\"Person\",\"@id\":\"https:\/\/haircutday.com\/b\/#\/schema\/person\/fb38808d0595e57a3810da9f685e8a6f\",\"name\":\"Hair Cut Day\"}]}<\/script>\n<!-- \/ Yoast SEO plugin. -->","_links":{"self":[{"href":"https:\/\/haircutday.com\/b\/wp-json\/wp\/v2\/posts\/94"}],"collection":[{"href":"https:\/\/haircutday.com\/b\/wp-json\/wp\/v2\/posts"}],"about":[{"href":"https:\/\/haircutday.com\/b\/wp-json\/wp\/v2\/types\/post"}],"author":[{"embeddable":true,"href":"https:\/\/haircutday.com\/b\/wp-json\/wp\/v2\/users\/1"}],"replies":[{"embeddable":true,"href":"https:\/\/haircutday.com\/b\/wp-json\/wp\/v2\/comments?post=94"}],"version-history":[{"count":127,"href":"https:\/\/haircutday.com\/b\/wp-json\/wp\/v2\/posts\/94\/revisions"}],"predecessor-version":[{"id":10042,"href":"https:\/\/haircutday.com\/b\/wp-json\/wp\/v2\/posts\/94\/revisions\/10042"}],"wp:featuredmedia":[{"embeddable":true,"href":"https:\/\/haircutday.com\/b\/wp-json\/wp\/v2\/media\/6011"}],"wp:attachment":[{"href":"https:\/\/haircutday.com\/b\/wp-json\/wp\/v2\/media?parent=94"}],"wp:term":[{"taxonomy":"category","embeddable":true,"href":"https:\/\/haircutday.com\/b\/wp-json\/wp\/v2\/categories?post=94"},{"taxonomy":"post_tag","embeddable":true,"href":"https:\/\/haircutday.com\/b\/wp-json\/wp\/v2\/tags?post=94"}],"curies":[{"name":"wp","href":"https:\/\/api.w.org\/{rel}","templated":true}]}}